{"id":1428,"date":"2018-12-11T12:50:51","date_gmt":"2018-12-11T12:50:51","guid":{"rendered":"https:\/\/www.rivera.gub.uy\/medioambiente\/?p=1428"},"modified":"2018-12-17T16:33:56","modified_gmt":"2018-12-17T16:33:56","slug":"manejo-de-residuos-y-prevencion-de-incendios","status":"publish","type":"post","link":"https:\/\/www.rivera.gub.uy\/medioambiente\/manejo-de-residuos-y-prevencion-de-incendios\/","title":{"rendered":"Manejo de residuos y Prevenci\u00f3n de Incendios"},"content":{"rendered":"<div>El pasado jueves 6 de diciembre empres\u00e1rios de micro y peque\u00f1os aserraderos del departamento estuvieron presentes en reuni\u00f3n convocada por REDEMA y por la Direcci\u00f3n Nacional de Bomberos.<\/div>\n<div><\/div>\n<div>En dicha oportunidad se realiz\u00f3 la charla de informaci\u00f3n y sensibilizaci\u00f3n sobre manejo de residuos y prevenci\u00f3n de incendios, oportunidad en la cual el jefe de bomberos; Sub Comisario Victor Fagundez indic\u00f3\u00a0 que del 1\u00b0 de diciembre 2018 y hasta 15\u00a0 de abril de 2019 rige el decreto N\u00b0 436\/2007, que establece \u201cla prohibici\u00f3n de la realizaci\u00f3n de fuegos y quemas de cualquier tipo al aire libre en todo el territorio nacional\u201d. Fagundez exhorta a todos los aserraderos a mantener limpios los predios y a extremar el cuidado en el uso de fuegos y materiales.<\/div>\n<div><\/div>\n<div>Recuerda adem\u00e1s que en caso de percibir humo, fuego o alguna situaci\u00f3n de riesgo, se deber\u00e1 notificar inmediatamente al tel\u00e9fono 104.<\/div>\n","protected":false},"excerpt":{"rendered":"<p>El pasado jueves 6 de diciembre empres\u00e1rios de micro y peque\u00f1os aserraderos del departamento estuvieron presentes en reuni\u00f3n convocada por REDEMA y por la Direcci\u00f3n Nacional de Bomberos. En dicha oportunidad se realiz\u00f3 la charla de informaci\u00f3n y sensibilizaci\u00f3n sobre manejo de residuos y prevenci\u00f3n de incendios, oportunidad en la cual el jefe de bomberos; [&hellip;]<\/p>\n","protected":false},"author":2,"featured_media":1450,"comment_status":"open","ping_status":"open","sticky":false,"template":"","format":"standard","meta":{"footnotes":""},"categories":[1],"tags":[57,55],"_links":{"self":[{"href":"https:\/\/www.rivera.gub.uy\/medioambiente\/wp-json\/wp\/v2\/posts\/1428"}],"collection":[{"href":"https:\/\/www.rivera.gub.uy\/medioambiente\/wp-json\/wp\/v2\/posts"}],"about":[{"href":"https:\/\/www.rivera.gub.uy\/medioambiente\/wp-json\/wp\/v2\/types\/post"}],"author":[{"embeddable":true,"href":"https:\/\/www.rivera.gub.uy\/medioambiente\/wp-json\/wp\/v2\/users\/2"}],"replies":[{"embeddable":true,"href":"https:\/\/www.rivera.gub.uy\/medioambiente\/wp-json\/wp\/v2\/comments?post=1428"}],"version-history":[{"count":1,"href":"https:\/\/www.rivera.gub.uy\/medioambiente\/wp-json\/wp\/v2\/posts\/1428\/revisions"}],"predecessor-version":[{"id":1429,"href":"https:\/\/www.rivera.gub.uy\/medioambiente\/wp-json\/wp\/v2\/posts\/1428\/revisions\/1429"}],"wp:featuredmedia":[{"embeddable":true,"href":"https:\/\/www.rivera.gub.uy\/medioambiente\/wp-json\/wp\/v2\/media\/1450"}],"wp:attachment":[{"href":"https:\/\/www.rivera.gub.uy\/medioambiente\/wp-json\/wp\/v2\/media?parent=1428"}],"wp:term":[{"taxonomy":"category","embeddable":true,"href":"https:\/\/www.rivera.gub.uy\/medioambiente\/wp-json\/wp\/v2\/categories?post=1428"},{"taxonomy":"post_tag","embeddable":true,"href":"https:\/\/www.rivera.gub.uy\/medioambiente\/wp-json\/wp\/v2\/tags?post=1428"}],"curies":[{"name":"wp","href":"https:\/\/api.w.org\/{rel}","templated":true}]}}