{"id":1432,"date":"2018-08-17T14:04:06","date_gmt":"2018-08-17T14:04:06","guid":{"rendered":"https:\/\/www.rivera.gub.uy\/medioambiente\/?p=1432"},"modified":"2018-12-17T15:26:38","modified_gmt":"2018-12-17T15:26:38","slug":"centro-de-competitividad-empresarial-de-rivera-se-suma-al-proyecto-red-de-desarrollo-maderero-redema","status":"publish","type":"post","link":"https:\/\/www.rivera.gub.uy\/medioambiente\/centro-de-competitividad-empresarial-de-rivera-se-suma-al-proyecto-red-de-desarrollo-maderero-redema\/","title":{"rendered":"Centro de competitividad Empresarial de Rivera se suma al proyecto Red de Desarrollo Maderero (REDEMA)"},"content":{"rendered":"<div>Los Centros de Competitividad Empresarial son un espacio para las micro, peque\u00f1as y medianas empresas, emprendedores, productores familiares y cooperativas donde se puede encontrar apoyo integral y especializado para fortalecer las capacidades y desarrollar una empresa o emprendimiento a largo<\/div>\n<div>plazo.<\/div>\n<div><\/div>\n<div>Dentro de las actividades que se enmarcan en el proyecto de la Red de Desarrollo Maderero de Rivera, se est\u00e1n confeccionando cursos a medida para los micro y peque\u00f1os aserraderos del departamento de Rivera; en alianza con el Centro de Competitividad Empresarial que desde el mes de julio brinda asistencias t\u00e9cnicas a los aserraderos en forma individual y personalizada.<\/div>\n<div><\/div>\n<div>Dicho centro tambi\u00e9n procura acercar las herramientas de apoyo a Mipymes disponibles a nivel nacional y ser\u00e1 responsable de impartir capacitaciones abarcando temas como comercializaci\u00f3n, negociaci\u00f3n y gesti\u00f3n para micro y peque\u00f1os aserraderos. Las actividades de capacitaci\u00f3n se desarrollar\u00e1n a partir de marzo de 2019.<\/div>\n<div>\n<div class=\"yj6qo ajU\">\n<div tabindex=\"0\" role=\"button\" data-tooltip=\"Mostrar contenido reducido\" aria-label=\"Mostrar contenido reducido\"><\/div>\n<div id=\":1vi\" class=\"ajR\" tabindex=\"0\" role=\"button\" data-tooltip=\"Mostrar contenido reducido\" aria-label=\"Mostrar contenido reducido\"><a href=\"https:\/\/www.rivera.gub.uy\/medioambiente\/wp-content\/uploads\/2018\/12\/Inauguracion-CCE-02.jpg\"><img loading=\"lazy\" decoding=\"async\" class=\"aligncenter size-medium wp-image-1433\" src=\"https:\/\/www.rivera.gub.uy\/medioambiente\/wp-content\/uploads\/2018\/12\/Inauguracion-CCE-02-300x225.jpg\" alt=\"\" width=\"300\" height=\"225\" srcset=\"https:\/\/www.rivera.gub.uy\/medioambiente\/wp-content\/uploads\/2018\/12\/Inauguracion-CCE-02-300x225.jpg 300w, https:\/\/www.rivera.gub.uy\/medioambiente\/wp-content\/uploads\/2018\/12\/Inauguracion-CCE-02-768x576.jpg 768w, https:\/\/www.rivera.gub.uy\/medioambiente\/wp-content\/uploads\/2018\/12\/Inauguracion-CCE-02-1024x768.jpg 1024w, https:\/\/www.rivera.gub.uy\/medioambiente\/wp-content\/uploads\/2018\/12\/Inauguracion-CCE-02-820x615.jpg 820w, https:\/\/www.rivera.gub.uy\/medioambiente\/wp-content\/uploads\/2018\/12\/Inauguracion-CCE-02.jpg 1600w\" sizes=\"(max-width: 300px) 100vw, 300px\" \/><\/a><img decoding=\"async\" class=\"ajT\" src=\"https:\/\/ssl.gstatic.com\/ui\/v1\/icons\/mail\/images\/cleardot.gif\" \/><\/div>\n<\/div>\n<\/div>\n","protected":false},"excerpt":{"rendered":"<p>Los Centros de Competitividad Empresarial son un espacio para las micro, peque\u00f1as y medianas empresas, emprendedores, productores familiares y cooperativas donde se puede encontrar apoyo integral y especializado para fortalecer las capacidades y desarrollar una empresa o emprendimiento a largo plazo. Dentro de las actividades que se enmarcan en el proyecto de la Red de [&hellip;]<\/p>\n","protected":false},"author":2,"featured_media":1433,"comment_status":"open","ping_status":"open","sticky":false,"template":"","format":"standard","meta":{"footnotes":""},"categories":[1],"tags":[111,110,55],"_links":{"self":[{"href":"https:\/\/www.rivera.gub.uy\/medioambiente\/wp-json\/wp\/v2\/posts\/1432"}],"collection":[{"href":"https:\/\/www.rivera.gub.uy\/medioambiente\/wp-json\/wp\/v2\/posts"}],"about":[{"href":"https:\/\/www.rivera.gub.uy\/medioambiente\/wp-json\/wp\/v2\/types\/post"}],"author":[{"embeddable":true,"href":"https:\/\/www.rivera.gub.uy\/medioambiente\/wp-json\/wp\/v2\/users\/2"}],"replies":[{"embeddable":true,"href":"https:\/\/www.rivera.gub.uy\/medioambiente\/wp-json\/wp\/v2\/comments?post=1432"}],"version-history":[{"count":2,"href":"https:\/\/www.rivera.gub.uy\/medioambiente\/wp-json\/wp\/v2\/posts\/1432\/revisions"}],"predecessor-version":[{"id":1435,"href":"https:\/\/www.rivera.gub.uy\/medioambiente\/wp-json\/wp\/v2\/posts\/1432\/revisions\/1435"}],"wp:featuredmedia":[{"embeddable":true,"href":"https:\/\/www.rivera.gub.uy\/medioambiente\/wp-json\/wp\/v2\/media\/1433"}],"wp:attachment":[{"href":"https:\/\/www.rivera.gub.uy\/medioambiente\/wp-json\/wp\/v2\/media?parent=1432"}],"wp:term":[{"taxonomy":"category","embeddable":true,"href":"https:\/\/www.rivera.gub.uy\/medioambiente\/wp-json\/wp\/v2\/categories?post=1432"},{"taxonomy":"post_tag","embeddable":true,"href":"https:\/\/www.rivera.gub.uy\/medioambiente\/wp-json\/wp\/v2\/tags?post=1432"}],"curies":[{"name":"wp","href":"https:\/\/api.w.org\/{rel}","templated":true}]}}