{"id":1437,"date":"2018-11-29T14:11:21","date_gmt":"2018-11-29T14:11:21","guid":{"rendered":"https:\/\/www.rivera.gub.uy\/medioambiente\/?p=1437"},"modified":"2018-12-17T14:30:54","modified_gmt":"2018-12-17T14:30:54","slug":"redema-ofrecera-asesoramiento-en-procesos-productivos-para-aserraderos-asociados","status":"publish","type":"post","link":"https:\/\/www.rivera.gub.uy\/medioambiente\/redema-ofrecera-asesoramiento-en-procesos-productivos-para-aserraderos-asociados\/","title":{"rendered":"REDEMA ofrecer\u00e1 asesoramiento en procesos productivos para aserraderos asociados"},"content":{"rendered":"<p>Uno de sus resultados esperados del proyecto\u00a0<strong><em>Desarrollo y fortalecimiento de la cadena de valor del sector maderero de Rivera, con \u00e9nfasis en la mejora de la productividad, de la competitividad y de la calidad de empleo \/ REDEMA<\/em><\/strong>\u00a0es que las empresas participantes del proyecto est\u00e9n asesoradas en la mejora de sus procesos productivos.<\/p>\n<p>El comit\u00e9 de seguimiento local del proyecto trabaja desde setiembre en la incorporaci\u00f3n de un t\u00e9cnico\/consultor\/profesional Ing. Agr. con orientaci\u00f3n forestal y\/o Ing. Industrial Mec\u00e1nica, y\/o Tecn\u00f3logo en Madera, con experiencia en procesos productivos que pueda apoyar con Asesoramiento de los procesos productivos en cada aserradero, dise\u00f1ar procedimientos de producci\u00f3n y planes de mantenimiento de equipos para las empresas, tendientes a mejorar la competitividad territorial con enfoque de cadena de valor, con \u00e9nfasis en la mejora de los procesos productivo.<\/p>\n<p>La contrataci\u00f3n se encuentra en la etapa final de selecci\u00f3n. El inicio del trabajo del consultor est\u00e1 previsto para febrero de 2019.<\/p>\n","protected":false},"excerpt":{"rendered":"<p>Uno de sus resultados esperados del proyecto\u00a0Desarrollo y fortalecimiento de la cadena de valor del sector maderero de Rivera, con \u00e9nfasis en la mejora de la productividad, de la competitividad y de la calidad de empleo \/ REDEMA\u00a0es que las empresas participantes del proyecto est\u00e9n asesoradas en la mejora de sus procesos productivos. El comit\u00e9 [&hellip;]<\/p>\n","protected":false},"author":2,"featured_media":1440,"comment_status":"open","ping_status":"open","sticky":false,"template":"","format":"standard","meta":{"footnotes":""},"categories":[1],"tags":[112,57,55],"_links":{"self":[{"href":"https:\/\/www.rivera.gub.uy\/medioambiente\/wp-json\/wp\/v2\/posts\/1437"}],"collection":[{"href":"https:\/\/www.rivera.gub.uy\/medioambiente\/wp-json\/wp\/v2\/posts"}],"about":[{"href":"https:\/\/www.rivera.gub.uy\/medioambiente\/wp-json\/wp\/v2\/types\/post"}],"author":[{"embeddable":true,"href":"https:\/\/www.rivera.gub.uy\/medioambiente\/wp-json\/wp\/v2\/users\/2"}],"replies":[{"embeddable":true,"href":"https:\/\/www.rivera.gub.uy\/medioambiente\/wp-json\/wp\/v2\/comments?post=1437"}],"version-history":[{"count":1,"href":"https:\/\/www.rivera.gub.uy\/medioambiente\/wp-json\/wp\/v2\/posts\/1437\/revisions"}],"predecessor-version":[{"id":1441,"href":"https:\/\/www.rivera.gub.uy\/medioambiente\/wp-json\/wp\/v2\/posts\/1437\/revisions\/1441"}],"wp:featuredmedia":[{"embeddable":true,"href":"https:\/\/www.rivera.gub.uy\/medioambiente\/wp-json\/wp\/v2\/media\/1440"}],"wp:attachment":[{"href":"https:\/\/www.rivera.gub.uy\/medioambiente\/wp-json\/wp\/v2\/media?parent=1437"}],"wp:term":[{"taxonomy":"category","embeddable":true,"href":"https:\/\/www.rivera.gub.uy\/medioambiente\/wp-json\/wp\/v2\/categories?post=1437"},{"taxonomy":"post_tag","embeddable":true,"href":"https:\/\/www.rivera.gub.uy\/medioambiente\/wp-json\/wp\/v2\/tags?post=1437"}],"curies":[{"name":"wp","href":"https:\/\/api.w.org\/{rel}","templated":true}]}}