{"id":1447,"date":"2018-12-17T15:25:24","date_gmt":"2018-12-17T15:25:24","guid":{"rendered":"https:\/\/www.rivera.gub.uy\/medioambiente\/?p=1447"},"modified":"2018-12-17T16:33:41","modified_gmt":"2018-12-17T16:33:41","slug":"cei-realizo-diagnosticos-a-aserraderos-pymes","status":"publish","type":"post","link":"https:\/\/www.rivera.gub.uy\/medioambiente\/cei-realizo-diagnosticos-a-aserraderos-pymes\/","title":{"rendered":"CEI realiz\u00f3 diagn\u00f3sticos a aserraderos PYMES"},"content":{"rendered":"<p>Desde mayo de 2018 el Centro de Extensionismo Industrial viene realizando diagn\u00f3sticos a peque\u00f1os aserraderos de Rivera. Hasta la fecha, fueron diagnosticadas 5 empresas del sector maderero.<\/p>\n<p>En todas las reuniones de diagn\u00f3stico realizadas, participaron los facilitadores del CEI Andrea P\u00edriz y Gabriel Herrera y al menos un representante de la empresa. Cabe destacar que todos los empresarios recibieron a los<br \/>\nfacilitadores de acuerdo a lo acordado previamente y mostraron total apertura a las consultas realizadas por los t\u00e9cnicos.<\/p>\n<p>En los primeros diagn\u00f3sticos realizados se pudo evidenciar que hay factores comunes en las empresas respecto de temas operativos como rendimientos, dificultades econ\u00f3micas para la compra de materia prima, tecnolog\u00edas empleadas en la transformaci\u00f3n mec\u00e1nica de la madera, abastecimiento de materias primas, entre otros.<\/p>\n<p>Los Informes Finales de los diagn\u00f3sticos realizados , dirigidos a los empresarios, son confidenciales seg\u00fan compromiso firmado por el CEI. Estos informes son entregados al empresario, en versi\u00f3n impresa y digital, en una sesi\u00f3n final de trabajo que tiene lugar en las oficinas del CEI con la participaci\u00f3n del equipo de trabajo del Centro y el consultor contratado.<\/p>\n<p><a href=\"https:\/\/www.rivera.gub.uy\/medioambiente\/wp-content\/uploads\/2018\/12\/redema-9.jpg\"><img loading=\"lazy\" decoding=\"async\" class=\"aligncenter size-medium wp-image-1448\" src=\"https:\/\/www.rivera.gub.uy\/medioambiente\/wp-content\/uploads\/2018\/12\/redema-9-300x200.jpg\" alt=\"\" width=\"300\" height=\"200\" srcset=\"https:\/\/www.rivera.gub.uy\/medioambiente\/wp-content\/uploads\/2018\/12\/redema-9-300x200.jpg 300w, https:\/\/www.rivera.gub.uy\/medioambiente\/wp-content\/uploads\/2018\/12\/redema-9-768x512.jpg 768w, https:\/\/www.rivera.gub.uy\/medioambiente\/wp-content\/uploads\/2018\/12\/redema-9-1024x682.jpg 1024w, https:\/\/www.rivera.gub.uy\/medioambiente\/wp-content\/uploads\/2018\/12\/redema-9-600x400.jpg 600w, https:\/\/www.rivera.gub.uy\/medioambiente\/wp-content\/uploads\/2018\/12\/redema-9-820x546.jpg 820w, https:\/\/www.rivera.gub.uy\/medioambiente\/wp-content\/uploads\/2018\/12\/redema-9-272x182.jpg 272w, https:\/\/www.rivera.gub.uy\/medioambiente\/wp-content\/uploads\/2018\/12\/redema-9.jpg 1732w\" sizes=\"(max-width: 300px) 100vw, 300px\" \/><\/a><\/p>\n","protected":false},"excerpt":{"rendered":"<p>Desde mayo de 2018 el Centro de Extensionismo Industrial viene realizando diagn\u00f3sticos a peque\u00f1os aserraderos de Rivera. Hasta la fecha, fueron diagnosticadas 5 empresas del sector maderero. En todas las reuniones de diagn\u00f3stico realizadas, participaron los facilitadores del CEI Andrea P\u00edriz y Gabriel Herrera y al menos un representante de la empresa. Cabe destacar que [&hellip;]<\/p>\n","protected":false},"author":2,"featured_media":1448,"comment_status":"open","ping_status":"open","sticky":false,"template":"","format":"standard","meta":{"footnotes":""},"categories":[1],"tags":[57,55],"_links":{"self":[{"href":"https:\/\/www.rivera.gub.uy\/medioambiente\/wp-json\/wp\/v2\/posts\/1447"}],"collection":[{"href":"https:\/\/www.rivera.gub.uy\/medioambiente\/wp-json\/wp\/v2\/posts"}],"about":[{"href":"https:\/\/www.rivera.gub.uy\/medioambiente\/wp-json\/wp\/v2\/types\/post"}],"author":[{"embeddable":true,"href":"https:\/\/www.rivera.gub.uy\/medioambiente\/wp-json\/wp\/v2\/users\/2"}],"replies":[{"embeddable":true,"href":"https:\/\/www.rivera.gub.uy\/medioambiente\/wp-json\/wp\/v2\/comments?post=1447"}],"version-history":[{"count":1,"href":"https:\/\/www.rivera.gub.uy\/medioambiente\/wp-json\/wp\/v2\/posts\/1447\/revisions"}],"predecessor-version":[{"id":1449,"href":"https:\/\/www.rivera.gub.uy\/medioambiente\/wp-json\/wp\/v2\/posts\/1447\/revisions\/1449"}],"wp:featuredmedia":[{"embeddable":true,"href":"https:\/\/www.rivera.gub.uy\/medioambiente\/wp-json\/wp\/v2\/media\/1448"}],"wp:attachment":[{"href":"https:\/\/www.rivera.gub.uy\/medioambiente\/wp-json\/wp\/v2\/media?parent=1447"}],"wp:term":[{"taxonomy":"category","embeddable":true,"href":"https:\/\/www.rivera.gub.uy\/medioambiente\/wp-json\/wp\/v2\/categories?post=1447"},{"taxonomy":"post_tag","embeddable":true,"href":"https:\/\/www.rivera.gub.uy\/medioambiente\/wp-json\/wp\/v2\/tags?post=1447"}],"curies":[{"name":"wp","href":"https:\/\/api.w.org\/{rel}","templated":true}]}}