{"id":1453,"date":"2018-12-18T12:41:22","date_gmt":"2018-12-18T12:41:22","guid":{"rendered":"https:\/\/www.rivera.gub.uy\/medioambiente\/?p=1453"},"modified":"2018-12-18T12:41:22","modified_gmt":"2018-12-18T12:41:22","slug":"calidad-del-carbon-de-acacia-negra-extraida-de-las-margenes-cunapiru-iguala-a-las-mejores-marcas-de-la-frontera","status":"publish","type":"post","link":"https:\/\/www.rivera.gub.uy\/medioambiente\/calidad-del-carbon-de-acacia-negra-extraida-de-las-margenes-cunapiru-iguala-a-las-mejores-marcas-de-la-frontera\/","title":{"rendered":"Calidad del carb\u00f3n de Acacia Negra extra\u00edda de las m\u00e1rgenes Cu\u00f1apir\u00fa iguala a las mejores marcas de la frontera"},"content":{"rendered":"<p>Proyecto Acacia Negra comienza a evaluar el poder calor\u00edfico de carb\u00f3n de acacia negra.<\/p>\n<p>La pasada semana se ha cumplido una nueva etapa del proyecto \u201cAcacia Negra\u201d, el cual cuenta con apoyo financiero de la Agencia Nacional de Investigaci\u00f3n e Innovaci\u00f3n (ANII).<!--more--><\/p>\n<p>En esta etapa el equipo t\u00e9cnico de la Facultad de Ciencias (UDELAR) y de la Divisi\u00f3n Estrategias de la Unidad de Desarrollo (IDR) ha realizado ensayos en laboratorio con la finalidad de cuantificar la calidad y el poder cal\u00f3rico de una serie de carbones vegetales producidos por el grupo de carboneros de la carboner\u00eda \u201cEl Progreso\u201d apoyados por el proyecto Negocios Inclusivos (ANDE-IDR).<\/p>\n<p>En tal sentido, en esta oportunidad fueron comparados carb\u00f3n vegetal producido con le\u00f1a de Acacia negra (Gleditsia triacanthos) talada en las m\u00e1rgenes del Cu\u00f1apir\u00fa, con le\u00f1a de eucaliptus colorado y con dos marcas comercializadas en nuestra frontera.<\/p>\n<p>Con los datos obtenidos hasta el momento, se puede observar que el carb\u00f3n vegetal obtenido a partir de Acacia Negra de las m\u00e1rgenes del Cu\u00f1apir\u00fa presenta un poder cal\u00f3rico similar al de las dem\u00e1s marcas comercializadas en nuestra frontera y supera la calidad del carb\u00f3n vegetal producido con Eucaliptus colorado.<\/p>\n<p>Sumado a ello, el carb\u00f3n vegetal de G. triacanthos evaluado cumple satisfactoriamente con las principales normas de calidad para la producci\u00f3n de carb\u00f3n vegetal en el mercado mundial. Los ensayos de laboratorio fueron realizados en el Laboratorio de Nutrici\u00f3n Animal y Evaluaci\u00f3n de Alimentos de la Facultad de Agronom\u00eda (UDELAR) y en el laboratorio municipal.<\/p>\n<p>Con la confirmaci\u00f3n de esta informaci\u00f3n se abre un promisor futuro para la producci\u00f3n de carb\u00f3n a partir de la Acacia Negra. Dicha especie es considerada una invasora ex\u00f3tica de nuestra flora y viene ocasionando diversos problemas a nivel nacional y regional.<\/p>\n<div id='gallery-1' class='gallery galleryid-1453 gallery-columns-3 gallery-size-thumbnail'><figure class='gallery-item'>\n\t\t\t<div class='gallery-icon portrait'>\n\t\t\t\t<a href='https:\/\/www.rivera.gub.uy\/medioambiente\/wp-content\/uploads\/2018\/12\/4-Cenizas-totales.jpg'><img loading=\"lazy\" decoding=\"async\" width=\"150\" height=\"150\" src=\"https:\/\/www.rivera.gub.uy\/medioambiente\/wp-content\/uploads\/2018\/12\/4-Cenizas-totales-150x150.jpg\" class=\"attachment-thumbnail size-thumbnail\" alt=\"\" \/><\/a>\n\t\t\t<\/div><\/figure><figure class='gallery-item'>\n\t\t\t<div class='gallery-icon landscape'>\n\t\t\t\t<a href='https:\/\/www.rivera.gub.uy\/medioambiente\/wp-content\/uploads\/2018\/12\/2-Muestras-en-la-mufla-a-900\u00b0C.jpg'><img loading=\"lazy\" decoding=\"async\" width=\"150\" height=\"150\" src=\"https:\/\/www.rivera.gub.uy\/medioambiente\/wp-content\/uploads\/2018\/12\/2-Muestras-en-la-mufla-a-900\u00b0C-150x150.jpg\" class=\"attachment-thumbnail size-thumbnail\" alt=\"\" \/><\/a>\n\t\t\t<\/div><\/figure><figure class='gallery-item'>\n\t\t\t<div class='gallery-icon portrait'>\n\t\t\t\t<a href='https:\/\/www.rivera.gub.uy\/medioambiente\/wp-content\/uploads\/2018\/12\/1-Carb\u00f3n-molido-sin-humedad.jpg'><img loading=\"lazy\" decoding=\"async\" width=\"150\" height=\"150\" src=\"https:\/\/www.rivera.gub.uy\/medioambiente\/wp-content\/uploads\/2018\/12\/1-Carb\u00f3n-molido-sin-humedad-150x150.jpg\" class=\"attachment-thumbnail size-thumbnail\" alt=\"\" \/><\/a>\n\t\t\t<\/div><\/figure>\n\t\t<\/div>\n\n","protected":false},"excerpt":{"rendered":"<p>Proyecto Acacia Negra comienza a evaluar el poder calor\u00edfico de carb\u00f3n de acacia negra. La pasada semana se ha cumplido una nueva etapa del proyecto \u201cAcacia Negra\u201d, el cual cuenta con apoyo financiero de la Agencia Nacional de Investigaci\u00f3n e Innovaci\u00f3n (ANII).<\/p>\n","protected":false},"author":2,"featured_media":1455,"comment_status":"open","ping_status":"open","sticky":false,"template":"","format":"standard","meta":{"footnotes":""},"categories":[1],"tags":[90,57,17],"_links":{"self":[{"href":"https:\/\/www.rivera.gub.uy\/medioambiente\/wp-json\/wp\/v2\/posts\/1453"}],"collection":[{"href":"https:\/\/www.rivera.gub.uy\/medioambiente\/wp-json\/wp\/v2\/posts"}],"about":[{"href":"https:\/\/www.rivera.gub.uy\/medioambiente\/wp-json\/wp\/v2\/types\/post"}],"author":[{"embeddable":true,"href":"https:\/\/www.rivera.gub.uy\/medioambiente\/wp-json\/wp\/v2\/users\/2"}],"replies":[{"embeddable":true,"href":"https:\/\/www.rivera.gub.uy\/medioambiente\/wp-json\/wp\/v2\/comments?post=1453"}],"version-history":[{"count":1,"href":"https:\/\/www.rivera.gub.uy\/medioambiente\/wp-json\/wp\/v2\/posts\/1453\/revisions"}],"predecessor-version":[{"id":1457,"href":"https:\/\/www.rivera.gub.uy\/medioambiente\/wp-json\/wp\/v2\/posts\/1453\/revisions\/1457"}],"wp:featuredmedia":[{"embeddable":true,"href":"https:\/\/www.rivera.gub.uy\/medioambiente\/wp-json\/wp\/v2\/media\/1455"}],"wp:attachment":[{"href":"https:\/\/www.rivera.gub.uy\/medioambiente\/wp-json\/wp\/v2\/media?parent=1453"}],"wp:term":[{"taxonomy":"category","embeddable":true,"href":"https:\/\/www.rivera.gub.uy\/medioambiente\/wp-json\/wp\/v2\/categories?post=1453"},{"taxonomy":"post_tag","embeddable":true,"href":"https:\/\/www.rivera.gub.uy\/medioambiente\/wp-json\/wp\/v2\/tags?post=1453"}],"curies":[{"name":"wp","href":"https:\/\/api.w.org\/{rel}","templated":true}]}}