{"id":1458,"date":"2019-01-08T13:45:16","date_gmt":"2019-01-08T13:45:16","guid":{"rendered":"https:\/\/www.rivera.gub.uy\/medioambiente\/?p=1458"},"modified":"2019-01-08T13:47:23","modified_gmt":"2019-01-08T13:47:23","slug":"redema-convoca-a-empresarios-de-micro-y-pequenos-aserraderos","status":"publish","type":"post","link":"https:\/\/www.rivera.gub.uy\/medioambiente\/redema-convoca-a-empresarios-de-micro-y-pequenos-aserraderos\/","title":{"rendered":"REDEMA convoca a empresarios de micro y peque\u00f1os aserraderos"},"content":{"rendered":"<p>En 2018 La Red de Desarrollo Maderero de Rivera (REDEMA) inici\u00f3 el trabajo de agrupar empresarios, relevar informaciones sobre procesos productivos y articular alianzas para cumplir los objetivos propuestos por el proyecto\u00a0<strong><em>Desarrollo y fortalecimiento de la cadena de valor del sector maderero de Rivera, con \u00e9nfasis en la mejora de la productividad, de la competitividad y de la calidad de empleo \/ REDEMA.\u00a0<\/em><\/strong><\/p>\n<p>Uno de sus resultados esperados del proyecto\u00a0\u00a0es que las empresas participantes del proyecto est\u00e9n asesoradas en la mejora de sus procesos productivos.<\/p>\n<p>El comit\u00e9 de seguimiento local del proyecto ya seleccion\u00f3 un t\u00e9cnico\/consultor con experiencia en procesos productivos en aserraderos. El profesional apoyar\u00e1\u00a0 con Asesoramiento de los procesos productivos en cada aserradero, tendientes a mejorar la competitividad territorial con enfoque de cadena de valor, con \u00e9nfasis en la mejora de los procesos productivo.<\/p>\n<p>La contrataci\u00f3n se encuentra en la etapa de firma de contrato. El inicio del trabajo del consultor est\u00e1 previsto para febrero de 2019.<\/p>\n<p>Desde el Equipo Ejecutor, se agradece la confianza depositada por los empresarios asociados al proyecto y se convoca a los empresarios que a\u00fan no hacen parte del grupo a participar de las reuniones y cursos previstos para 2019.<\/p>\n<p>&nbsp;<\/p>\n<p>Para participar del grupo y reuniones, los empresarios pueden comunicarse al 091 898 130 o al email desarrollo.maderero@rivera.gub.uy<\/p>\n","protected":false},"excerpt":{"rendered":"<p>En 2018 La Red de Desarrollo Maderero de Rivera (REDEMA) inici\u00f3 el trabajo de agrupar empresarios, relevar informaciones sobre procesos productivos y articular alianzas para cumplir los objetivos propuestos por el proyecto\u00a0Desarrollo y fortalecimiento de la cadena de valor del sector maderero de Rivera, con \u00e9nfasis en la mejora de la productividad, de la competitividad [&hellip;]<\/p>\n","protected":false},"author":2,"featured_media":1459,"comment_status":"open","ping_status":"open","sticky":false,"template":"","format":"standard","meta":{"footnotes":""},"categories":[1],"tags":[57,55],"_links":{"self":[{"href":"https:\/\/www.rivera.gub.uy\/medioambiente\/wp-json\/wp\/v2\/posts\/1458"}],"collection":[{"href":"https:\/\/www.rivera.gub.uy\/medioambiente\/wp-json\/wp\/v2\/posts"}],"about":[{"href":"https:\/\/www.rivera.gub.uy\/medioambiente\/wp-json\/wp\/v2\/types\/post"}],"author":[{"embeddable":true,"href":"https:\/\/www.rivera.gub.uy\/medioambiente\/wp-json\/wp\/v2\/users\/2"}],"replies":[{"embeddable":true,"href":"https:\/\/www.rivera.gub.uy\/medioambiente\/wp-json\/wp\/v2\/comments?post=1458"}],"version-history":[{"count":3,"href":"https:\/\/www.rivera.gub.uy\/medioambiente\/wp-json\/wp\/v2\/posts\/1458\/revisions"}],"predecessor-version":[{"id":1462,"href":"https:\/\/www.rivera.gub.uy\/medioambiente\/wp-json\/wp\/v2\/posts\/1458\/revisions\/1462"}],"wp:featuredmedia":[{"embeddable":true,"href":"https:\/\/www.rivera.gub.uy\/medioambiente\/wp-json\/wp\/v2\/media\/1459"}],"wp:attachment":[{"href":"https:\/\/www.rivera.gub.uy\/medioambiente\/wp-json\/wp\/v2\/media?parent=1458"}],"wp:term":[{"taxonomy":"category","embeddable":true,"href":"https:\/\/www.rivera.gub.uy\/medioambiente\/wp-json\/wp\/v2\/categories?post=1458"},{"taxonomy":"post_tag","embeddable":true,"href":"https:\/\/www.rivera.gub.uy\/medioambiente\/wp-json\/wp\/v2\/tags?post=1458"}],"curies":[{"name":"wp","href":"https:\/\/api.w.org\/{rel}","templated":true}]}}