{"id":1463,"date":"2019-01-10T17:08:48","date_gmt":"2019-01-10T17:08:48","guid":{"rendered":"https:\/\/www.rivera.gub.uy\/medioambiente\/?p=1463"},"modified":"2019-01-11T17:55:48","modified_gmt":"2019-01-11T17:55:48","slug":"el-proyecto-negocios-inclusivos-en-rivera-cierra-el-ano-con-importantes-logros","status":"publish","type":"post","link":"https:\/\/www.rivera.gub.uy\/medioambiente\/el-proyecto-negocios-inclusivos-en-rivera-cierra-el-ano-con-importantes-logros\/","title":{"rendered":"El proyecto Negocios Inclusivos en Rivera cierra el a\u00f1o con importantes logros"},"content":{"rendered":"<p>El proyecto \u201cDesarrollo de Negocios Inclusivos en Rivera\u201d, es ejecutado por la Unidad de Desarrollo de la Intendencia Departamental de Rivera en conjunto con FUNDASOL, el cual cuenta con el apoyo financiero de la Agencia Nacional de Desarrollo (ANDE). Este proyecto apunta a desarrollar empresarial y socialmente tres grupos de microempresarios de Rivera: Carboneros, Ladrilleros y Modistas. El proyecto que comenz\u00f3 a mediados de 2017 ya ha logrado formalizar tres n\u00facleos empresariales los que vienen operando en forma regular.<!--more--><br \/>\nEl grupo \u201cCarboner\u00eda El Progreso\u201d que viene operando en el predio municipal de Curticeiras, comodato mediante, han constituido una empresa monotributista a principio del 2018. Sumado a ello, los integrantes del grupo han realizado instancias de capacitaci\u00f3n en manejo de motosierra y de prevenci\u00f3n laboral lo que ha permitido brindar servicios de limpieza de predios. Por su parte el grupo vienen testeando la posibilidad de utilizar Acacia Negra (G. triancanthos) una especie invasora del Arroyo Cu\u00f1apir\u00fa como fuente de carb\u00f3n, trabajo que se realiza en conjunto con la Facultad de Ciencias (UDELAR). Las perspectivas para el pr\u00f3ximo a\u00f1o es consolidar el grupo y posicionar la marca en el mercado local y nacional.<\/p>\n<p>El grupo \u201cLadrilleros Unidos de Rivera\u201d (LUDER), viene avanzando en el intercambio de experiencias entre los mismos integrantes del grupo. As\u00ed, este a\u00f1o se han verificado algunos saltos tecnol\u00f3gicos en el proceso de producci\u00f3n como la incorporaci\u00f3n de una moldeadora la cual est\u00e1 comenzando a ser utilizada por varios integrantes del grupo. En cuanto a la comercializaci\u00f3n se logr\u00f3 fortalecer la idea de producir colectivamente vol\u00famenes adecuados para mercados como barracas del sur y este del pa\u00eds. En el horizonte pr\u00f3ximo se vislumbra la firma de un convenio con la Federaci\u00f3n Uruguaya de Cooperativas de Vivienda por Ayuda Mutua (FUCVAM) para la adquisici\u00f3n de importantes vol\u00famenes de ladrillos riverenses.<\/p>\n<p>El grupo \u201cEscala Moda\u201d recientemente constituido por modistas de la ciudad de Rivera realiz\u00f3 una experiencia piloto promovida por el municipio para la confecci\u00f3n de 110 uniformes para la Divisi\u00f3n Higiene. En esa instancia participaron 11 modistas, las que tuvieron apoyo t\u00e9cnico directo en la producci\u00f3n de los moldes y el corte. Este grupo ha venido participando en ferias y festivales donde ha venido posicionando la marca Escala Moda. Como perspectiva para 2019 se pretende instalar un espacio colaborativo de trabajo \u201cCoworking\u201d el cual pueda sumar a nuevas modistas al grupo y con ello realizar trabajos a gran a escala.<\/p>\n","protected":false},"excerpt":{"rendered":"<p>El proyecto \u201cDesarrollo de Negocios Inclusivos en Rivera\u201d, es ejecutado por la Unidad de Desarrollo de la Intendencia Departamental de Rivera en conjunto con FUNDASOL, el cual cuenta con el apoyo financiero de la Agencia Nacional de Desarrollo (ANDE). Este proyecto apunta a desarrollar empresarial y socialmente tres grupos de microempresarios de Rivera: Carboneros, Ladrilleros [&hellip;]<\/p>\n","protected":false},"author":2,"featured_media":1464,"comment_status":"open","ping_status":"open","sticky":false,"template":"","format":"standard","meta":{"footnotes":""},"categories":[1],"tags":[57,23,16,22,17],"_links":{"self":[{"href":"https:\/\/www.rivera.gub.uy\/medioambiente\/wp-json\/wp\/v2\/posts\/1463"}],"collection":[{"href":"https:\/\/www.rivera.gub.uy\/medioambiente\/wp-json\/wp\/v2\/posts"}],"about":[{"href":"https:\/\/www.rivera.gub.uy\/medioambiente\/wp-json\/wp\/v2\/types\/post"}],"author":[{"embeddable":true,"href":"https:\/\/www.rivera.gub.uy\/medioambiente\/wp-json\/wp\/v2\/users\/2"}],"replies":[{"embeddable":true,"href":"https:\/\/www.rivera.gub.uy\/medioambiente\/wp-json\/wp\/v2\/comments?post=1463"}],"version-history":[{"count":2,"href":"https:\/\/www.rivera.gub.uy\/medioambiente\/wp-json\/wp\/v2\/posts\/1463\/revisions"}],"predecessor-version":[{"id":1467,"href":"https:\/\/www.rivera.gub.uy\/medioambiente\/wp-json\/wp\/v2\/posts\/1463\/revisions\/1467"}],"wp:featuredmedia":[{"embeddable":true,"href":"https:\/\/www.rivera.gub.uy\/medioambiente\/wp-json\/wp\/v2\/media\/1464"}],"wp:attachment":[{"href":"https:\/\/www.rivera.gub.uy\/medioambiente\/wp-json\/wp\/v2\/media?parent=1463"}],"wp:term":[{"taxonomy":"category","embeddable":true,"href":"https:\/\/www.rivera.gub.uy\/medioambiente\/wp-json\/wp\/v2\/categories?post=1463"},{"taxonomy":"post_tag","embeddable":true,"href":"https:\/\/www.rivera.gub.uy\/medioambiente\/wp-json\/wp\/v2\/tags?post=1463"}],"curies":[{"name":"wp","href":"https:\/\/api.w.org\/{rel}","templated":true}]}}