{"id":1468,"date":"2019-01-24T18:12:20","date_gmt":"2019-01-24T18:12:20","guid":{"rendered":"https:\/\/www.rivera.gub.uy\/medioambiente\/?p=1468"},"modified":"2019-01-24T18:44:32","modified_gmt":"2019-01-24T18:44:32","slug":"foro-%c2%a8sandia-madera-y-miel-desafios-para-una-produccion-rentable-frente-a-los-cambios-climaticos-%c2%a8","status":"publish","type":"post","link":"https:\/\/www.rivera.gub.uy\/medioambiente\/foro-%c2%a8sandia-madera-y-miel-desafios-para-una-produccion-rentable-frente-a-los-cambios-climaticos-%c2%a8\/","title":{"rendered":"Foro \u00a8SAND\u00cdA, MADERA Y MIEL: Desaf\u00edos para una producci\u00f3n rentable frente a los cambios clim\u00e1ticos \u00a8"},"content":{"rendered":"<p><span style=\"font-weight: 400;\">La Intendencia Departamental de Rivera a trav\u00e9s de la Direcci\u00f3n General de Desarrollo y Medio Ambiente de Rivera y el Rotary Club Tranqueras INVITAN\u00a0 a participar \u00a0del Foro <\/span><b>\u00a8SAND\u00cdA, MADERA Y MIEL: Desaf\u00edos para una producci\u00f3n rentable frente a los cambios clim\u00e1ticos \u00a8<\/b><span style=\"font-weight: 400;\"> que se realizar\u00e1 el pr\u00f3ximo d\u00eda 9 de febrero a partir de las 8h30m en el Centro Artigas Uruguay, en la ciudad de Tranqueras. El evento tendr\u00e1 entrada libre. <\/span><\/p>\n<p><span style=\"font-weight: 400;\">El foro ser\u00e1<\/span><span style=\"font-weight: 400;\"> un espacio para que los actores intercambien experiencias y accedan a informaciones que ayuden en el desarrollo de las micro y peque\u00f1as empresas que trabajan en estos tres rubros. \u00a0<\/span><\/p>\n<p><span style=\"font-weight: 400;\">Participar\u00e1n funcionarios municipales, investigadores de la UTEC,\u00a0 productores de sand\u00eda, empresarios integrantes de la Red de Desarrollo Maderero de Rivera, emprendedores y personas interesadas en la tem\u00e1tica.<\/span><\/p>\n<p>&nbsp;<\/p>\n<p>&nbsp;<\/p>\n<p><b>AGENDA<\/b><\/p>\n<p>&nbsp;<\/p>\n<p><strong>08:30 <\/strong> <span style=\"font-weight: 400;\">Cambio clim\u00e1tico \u00a0<\/span><\/p>\n<p><strong>08:50<\/strong> <span style=\"font-weight: 400;\">Impacto del clima en la producci\u00f3n de sand\u00edas \/ Coord. Juan Ignacio Dos Santos &#8211; Proyecto Fortalecimiento de la cadena de producci\u00f3n de Sand\u00eda <\/span><\/p>\n<p><strong>09:00 <\/strong> <span style=\"font-weight: 400;\">Apicultura y forestaci\u00f3n. Ignacio Elgarte, director del Proyecto Ap\u00edcola de Cofusa <\/span><\/p>\n<p><strong>09:30<\/strong> <span style=\"font-weight: 400;\">Red de Desarrollo Maderero de Rivera \/ Ing. Agr. Paola Serrentino, Gerenta ejecutora de Redema<\/span><\/p>\n<p><strong>09:40 <\/strong> <span style=\"font-weight: 400;\">Mejora de procesos productivos y rentabilidad de peque\u00f1os aserraderos \u00a0\/ Ing. Alejandro Olivera e Ing. Luis Sayagues <\/span><\/p>\n<p><strong>10:00 <\/strong> <span style=\"font-weight: 400;\">Log\u00edstica en Uruguay &#8211; Ing. Luis Garc\u00eda \/ UTEC <\/span><\/p>\n<p><a href=\"https:\/\/www.rivera.gub.uy\/medioambiente\/wp-content\/uploads\/2019\/01\/redes-sociales-FORO.png\"><img loading=\"lazy\" decoding=\"async\" class=\"aligncenter size-medium wp-image-1469\" src=\"https:\/\/www.rivera.gub.uy\/medioambiente\/wp-content\/uploads\/2019\/01\/redes-sociales-FORO-300x300.png\" alt=\"\" width=\"300\" height=\"300\" srcset=\"https:\/\/www.rivera.gub.uy\/medioambiente\/wp-content\/uploads\/2019\/01\/redes-sociales-FORO-300x300.png 300w, https:\/\/www.rivera.gub.uy\/medioambiente\/wp-content\/uploads\/2019\/01\/redes-sociales-FORO-150x150.png 150w, https:\/\/www.rivera.gub.uy\/medioambiente\/wp-content\/uploads\/2019\/01\/redes-sociales-FORO-768x768.png 768w, https:\/\/www.rivera.gub.uy\/medioambiente\/wp-content\/uploads\/2019\/01\/redes-sociales-FORO.png 800w\" sizes=\"(max-width: 300px) 100vw, 300px\" \/><\/a><a href=\"https:\/\/www.rivera.gub.uy\/medioambiente\/wp-content\/uploads\/2019\/01\/redes-sociales-FORO-2.png\"><img loading=\"lazy\" decoding=\"async\" class=\"aligncenter size-medium wp-image-1475\" src=\"https:\/\/www.rivera.gub.uy\/medioambiente\/wp-content\/uploads\/2019\/01\/redes-sociales-FORO-2-300x300.png\" alt=\"\" width=\"300\" height=\"300\" srcset=\"https:\/\/www.rivera.gub.uy\/medioambiente\/wp-content\/uploads\/2019\/01\/redes-sociales-FORO-2-300x300.png 300w, https:\/\/www.rivera.gub.uy\/medioambiente\/wp-content\/uploads\/2019\/01\/redes-sociales-FORO-2-150x150.png 150w, https:\/\/www.rivera.gub.uy\/medioambiente\/wp-content\/uploads\/2019\/01\/redes-sociales-FORO-2-768x768.png 768w, https:\/\/www.rivera.gub.uy\/medioambiente\/wp-content\/uploads\/2019\/01\/redes-sociales-FORO-2.png 800w\" sizes=\"(max-width: 300px) 100vw, 300px\" \/><\/a><a href=\"https:\/\/www.rivera.gub.uy\/medioambiente\/wp-content\/uploads\/2019\/01\/redes-sociales-FORO-1.png\"><img loading=\"lazy\" decoding=\"async\" class=\"aligncenter size-medium wp-image-1476\" src=\"https:\/\/www.rivera.gub.uy\/medioambiente\/wp-content\/uploads\/2019\/01\/redes-sociales-FORO-1-300x300.png\" alt=\"\" width=\"300\" height=\"300\" srcset=\"https:\/\/www.rivera.gub.uy\/medioambiente\/wp-content\/uploads\/2019\/01\/redes-sociales-FORO-1-300x300.png 300w, https:\/\/www.rivera.gub.uy\/medioambiente\/wp-content\/uploads\/2019\/01\/redes-sociales-FORO-1-150x150.png 150w, https:\/\/www.rivera.gub.uy\/medioambiente\/wp-content\/uploads\/2019\/01\/redes-sociales-FORO-1-768x768.png 768w, https:\/\/www.rivera.gub.uy\/medioambiente\/wp-content\/uploads\/2019\/01\/redes-sociales-FORO-1.png 800w\" sizes=\"(max-width: 300px) 100vw, 300px\" \/><\/a><\/p>\n<p>&nbsp;<\/p>\n","protected":false},"excerpt":{"rendered":"<p>La Intendencia Departamental de Rivera a trav\u00e9s de la Direcci\u00f3n General de Desarrollo y Medio Ambiente de Rivera y el Rotary Club Tranqueras INVITAN\u00a0 a participar \u00a0del Foro \u00a8SAND\u00cdA, MADERA Y MIEL: Desaf\u00edos para una producci\u00f3n rentable frente a los cambios clim\u00e1ticos \u00a8 que se realizar\u00e1 el pr\u00f3ximo d\u00eda 9 de febrero a partir de [&hellip;]<\/p>\n","protected":false},"author":2,"featured_media":1476,"comment_status":"open","ping_status":"open","sticky":false,"template":"","format":"standard","meta":{"footnotes":""},"categories":[1],"tags":[21,81,55,113],"_links":{"self":[{"href":"https:\/\/www.rivera.gub.uy\/medioambiente\/wp-json\/wp\/v2\/posts\/1468"}],"collection":[{"href":"https:\/\/www.rivera.gub.uy\/medioambiente\/wp-json\/wp\/v2\/posts"}],"about":[{"href":"https:\/\/www.rivera.gub.uy\/medioambiente\/wp-json\/wp\/v2\/types\/post"}],"author":[{"embeddable":true,"href":"https:\/\/www.rivera.gub.uy\/medioambiente\/wp-json\/wp\/v2\/users\/2"}],"replies":[{"embeddable":true,"href":"https:\/\/www.rivera.gub.uy\/medioambiente\/wp-json\/wp\/v2\/comments?post=1468"}],"version-history":[{"count":8,"href":"https:\/\/www.rivera.gub.uy\/medioambiente\/wp-json\/wp\/v2\/posts\/1468\/revisions"}],"predecessor-version":[{"id":1479,"href":"https:\/\/www.rivera.gub.uy\/medioambiente\/wp-json\/wp\/v2\/posts\/1468\/revisions\/1479"}],"wp:featuredmedia":[{"embeddable":true,"href":"https:\/\/www.rivera.gub.uy\/medioambiente\/wp-json\/wp\/v2\/media\/1476"}],"wp:attachment":[{"href":"https:\/\/www.rivera.gub.uy\/medioambiente\/wp-json\/wp\/v2\/media?parent=1468"}],"wp:term":[{"taxonomy":"category","embeddable":true,"href":"https:\/\/www.rivera.gub.uy\/medioambiente\/wp-json\/wp\/v2\/categories?post=1468"},{"taxonomy":"post_tag","embeddable":true,"href":"https:\/\/www.rivera.gub.uy\/medioambiente\/wp-json\/wp\/v2\/tags?post=1468"}],"curies":[{"name":"wp","href":"https:\/\/api.w.org\/{rel}","templated":true}]}}