{"id":1480,"date":"2019-01-28T16:46:06","date_gmt":"2019-01-28T16:46:06","guid":{"rendered":"https:\/\/www.rivera.gub.uy\/medioambiente\/?p=1480"},"modified":"2019-01-28T16:46:06","modified_gmt":"2019-01-28T16:46:06","slug":"productores-agropecuarios-de-rivera-contaran-con-datos-climaticos-precisos-de-su-localidad","status":"publish","type":"post","link":"https:\/\/www.rivera.gub.uy\/medioambiente\/productores-agropecuarios-de-rivera-contaran-con-datos-climaticos-precisos-de-su-localidad\/","title":{"rendered":"Productores agropecuarios de Rivera contar\u00e1n con datos clim\u00e1ticos precisos de su localidad"},"content":{"rendered":"<p><em>Grupo interdisciplinario de IDR genera proyecto para instalaci\u00f3n de estaciones meteorol\u00f3gicas en el interior departamental<\/p>\n<p><\/em>El pasado 18 de enero se recibi\u00f3 por parte del Congreso de Intendentes la noticia de que el CECOED Rivera ha sido uno de los beneficiados dentro de la convocatoria a Proyectos Departamentales en Gesti\u00f3n del Riesgo, la cual cuenta con fondos de la Uni\u00f3n Europea.<!--more--><br \/>\nLa propuesta presentada por Rivera contempla la instalaci\u00f3n de estaciones meteorol\u00f3gicas y tele-pluvi\u00f3metros en el interior departamental con la finalidad de evaluar riesgos asociados fundamentalmente al desarrollo productivo, como por ejemplo sequ\u00edas. Se espera poder contar con informaci\u00f3n de primera mano la cual ser\u00e1 disponibilizada de forma \u00e1gil a los m\u00e1s de 600 productores de nuestro departamento.<\/p>\n<p>La propuesta fue generada por un grupo interdisciplinario de t\u00e9cnicos de la Divisi\u00f3n Estrategias (Direcci\u00f3n General de Desarrollo y Medio Ambiente), la Direcci\u00f3n General de Obras y el propio CECOED. Est\u00e1 previsto que el proyecto se comience a ejecutar en los pr\u00f3ximos meses.<\/p>\n<div id='gallery-1' class='gallery galleryid-1480 gallery-columns-2 gallery-size-medium'><figure class='gallery-item'>\n\t\t\t<div class='gallery-icon landscape'>\n\t\t\t\t<a href='https:\/\/www.rivera.gub.uy\/medioambiente\/wp-content\/uploads\/2019\/01\/rodeo_ganado_vacunos.jpg'><img loading=\"lazy\" decoding=\"async\" width=\"300\" height=\"217\" src=\"https:\/\/www.rivera.gub.uy\/medioambiente\/wp-content\/uploads\/2019\/01\/rodeo_ganado_vacunos-300x217.jpg\" class=\"attachment-medium size-medium\" alt=\"\" srcset=\"https:\/\/www.rivera.gub.uy\/medioambiente\/wp-content\/uploads\/2019\/01\/rodeo_ganado_vacunos-300x217.jpg 300w, https:\/\/www.rivera.gub.uy\/medioambiente\/wp-content\/uploads\/2019\/01\/rodeo_ganado_vacunos.jpg 621w\" sizes=\"(max-width: 300px) 100vw, 300px\" \/><\/a>\n\t\t\t<\/div><\/figure><figure class='gallery-item'>\n\t\t\t<div class='gallery-icon landscape'>\n\t\t\t\t<a href='https:\/\/www.rivera.gub.uy\/medioambiente\/wp-content\/uploads\/2019\/01\/telepluviometro.jpg'><img loading=\"lazy\" decoding=\"async\" width=\"300\" height=\"200\" src=\"https:\/\/www.rivera.gub.uy\/medioambiente\/wp-content\/uploads\/2019\/01\/telepluviometro-300x200.jpg\" class=\"attachment-medium size-medium\" alt=\"\" srcset=\"https:\/\/www.rivera.gub.uy\/medioambiente\/wp-content\/uploads\/2019\/01\/telepluviometro-300x200.jpg 300w, https:\/\/www.rivera.gub.uy\/medioambiente\/wp-content\/uploads\/2019\/01\/telepluviometro-768x512.jpg 768w, https:\/\/www.rivera.gub.uy\/medioambiente\/wp-content\/uploads\/2019\/01\/telepluviometro.jpg 1024w, https:\/\/www.rivera.gub.uy\/medioambiente\/wp-content\/uploads\/2019\/01\/telepluviometro-600x400.jpg 600w, https:\/\/www.rivera.gub.uy\/medioambiente\/wp-content\/uploads\/2019\/01\/telepluviometro-820x547.jpg 820w, https:\/\/www.rivera.gub.uy\/medioambiente\/wp-content\/uploads\/2019\/01\/telepluviometro-272x182.jpg 272w\" sizes=\"(max-width: 300px) 100vw, 300px\" \/><\/a>\n\t\t\t<\/div><\/figure>\n\t\t<\/div>\n\n","protected":false},"excerpt":{"rendered":"<p>Grupo interdisciplinario de IDR genera proyecto para instalaci\u00f3n de estaciones meteorol\u00f3gicas en el interior departamental El pasado 18 de enero se recibi\u00f3 por parte del Congreso de Intendentes la noticia de que el CECOED Rivera ha sido uno de los beneficiados dentro de la convocatoria a Proyectos Departamentales en Gesti\u00f3n del Riesgo, la cual cuenta [&hellip;]<\/p>\n","protected":false},"author":2,"featured_media":1482,"comment_status":"open","ping_status":"open","sticky":false,"template":"","format":"standard","meta":{"footnotes":""},"categories":[1],"tags":[115,57,114,16,17],"_links":{"self":[{"href":"https:\/\/www.rivera.gub.uy\/medioambiente\/wp-json\/wp\/v2\/posts\/1480"}],"collection":[{"href":"https:\/\/www.rivera.gub.uy\/medioambiente\/wp-json\/wp\/v2\/posts"}],"about":[{"href":"https:\/\/www.rivera.gub.uy\/medioambiente\/wp-json\/wp\/v2\/types\/post"}],"author":[{"embeddable":true,"href":"https:\/\/www.rivera.gub.uy\/medioambiente\/wp-json\/wp\/v2\/users\/2"}],"replies":[{"embeddable":true,"href":"https:\/\/www.rivera.gub.uy\/medioambiente\/wp-json\/wp\/v2\/comments?post=1480"}],"version-history":[{"count":1,"href":"https:\/\/www.rivera.gub.uy\/medioambiente\/wp-json\/wp\/v2\/posts\/1480\/revisions"}],"predecessor-version":[{"id":1483,"href":"https:\/\/www.rivera.gub.uy\/medioambiente\/wp-json\/wp\/v2\/posts\/1480\/revisions\/1483"}],"wp:featuredmedia":[{"embeddable":true,"href":"https:\/\/www.rivera.gub.uy\/medioambiente\/wp-json\/wp\/v2\/media\/1482"}],"wp:attachment":[{"href":"https:\/\/www.rivera.gub.uy\/medioambiente\/wp-json\/wp\/v2\/media?parent=1480"}],"wp:term":[{"taxonomy":"category","embeddable":true,"href":"https:\/\/www.rivera.gub.uy\/medioambiente\/wp-json\/wp\/v2\/categories?post=1480"},{"taxonomy":"post_tag","embeddable":true,"href":"https:\/\/www.rivera.gub.uy\/medioambiente\/wp-json\/wp\/v2\/tags?post=1480"}],"curies":[{"name":"wp","href":"https:\/\/api.w.org\/{rel}","templated":true}]}}