{"id":1517,"date":"2019-02-11T12:36:04","date_gmt":"2019-02-11T12:36:04","guid":{"rendered":"https:\/\/www.rivera.gub.uy\/medioambiente\/?p=1517"},"modified":"2019-02-11T12:39:47","modified_gmt":"2019-02-11T12:39:47","slug":"presentaciones-foro-sandia-madera-y-miel","status":"publish","type":"post","link":"https:\/\/www.rivera.gub.uy\/medioambiente\/presentaciones-foro-sandia-madera-y-miel\/","title":{"rendered":"Presentaciones Foro Sand\u00eda, Madera y Miel"},"content":{"rendered":"<p>Compartimos las presentaciones de los panelistas del Foro Sand\u00eda, Madera y Miel: Desaf\u00edos para una producci\u00f3n rentable frente al Cambio Clim\u00e1tico.<\/p>\n<p>&nbsp;<\/p>\n<p>Presentaci\u00f3n Proyecto Ap\u00edcola Cofusa &#8211; Tec. Agr. Ignacio Elgarte:<\/p>\n<p>Presentaci\u00f3n Marco Log\u00edstico de Uruguay &#8211; DLE Ing. Luis Garcia:<\/p>\n<p><a href=\"https:\/\/www.rivera.gub.uy\/medioambiente\/wp-content\/uploads\/2019\/02\/sandia-utec-ilovepdf-compressed.pdf\">Pdf presentaci\u00f3n Foro sandia UTEC 1 <\/a><\/p>\n<p><a href=\"https:\/\/www.rivera.gub.uy\/medioambiente\/wp-content\/uploads\/2019\/02\/tranqueras-ilovepdf-compressed.pdf\">PDF Estudiantes UTEC<\/a><\/p>\n","protected":false},"excerpt":{"rendered":"<p>Compartimos las presentaciones de los panelistas del Foro Sand\u00eda, Madera y Miel: Desaf\u00edos para una producci\u00f3n rentable frente al Cambio Clim\u00e1tico. &nbsp; Presentaci\u00f3n Proyecto Ap\u00edcola Cofusa &#8211; Tec. Agr. Ignacio Elgarte: Presentaci\u00f3n Marco Log\u00edstico de Uruguay &#8211; DLE Ing. Luis Garcia: Pdf presentaci\u00f3n Foro sandia UTEC 1 PDF Estudiantes UTEC<\/p>\n","protected":false},"author":2,"featured_media":1499,"comment_status":"open","ping_status":"open","sticky":false,"template":"","format":"standard","meta":{"footnotes":""},"categories":[1],"tags":[81,55],"_links":{"self":[{"href":"https:\/\/www.rivera.gub.uy\/medioambiente\/wp-json\/wp\/v2\/posts\/1517"}],"collection":[{"href":"https:\/\/www.rivera.gub.uy\/medioambiente\/wp-json\/wp\/v2\/posts"}],"about":[{"href":"https:\/\/www.rivera.gub.uy\/medioambiente\/wp-json\/wp\/v2\/types\/post"}],"author":[{"embeddable":true,"href":"https:\/\/www.rivera.gub.uy\/medioambiente\/wp-json\/wp\/v2\/users\/2"}],"replies":[{"embeddable":true,"href":"https:\/\/www.rivera.gub.uy\/medioambiente\/wp-json\/wp\/v2\/comments?post=1517"}],"version-history":[{"count":1,"href":"https:\/\/www.rivera.gub.uy\/medioambiente\/wp-json\/wp\/v2\/posts\/1517\/revisions"}],"predecessor-version":[{"id":1520,"href":"https:\/\/www.rivera.gub.uy\/medioambiente\/wp-json\/wp\/v2\/posts\/1517\/revisions\/1520"}],"wp:featuredmedia":[{"embeddable":true,"href":"https:\/\/www.rivera.gub.uy\/medioambiente\/wp-json\/wp\/v2\/media\/1499"}],"wp:attachment":[{"href":"https:\/\/www.rivera.gub.uy\/medioambiente\/wp-json\/wp\/v2\/media?parent=1517"}],"wp:term":[{"taxonomy":"category","embeddable":true,"href":"https:\/\/www.rivera.gub.uy\/medioambiente\/wp-json\/wp\/v2\/categories?post=1517"},{"taxonomy":"post_tag","embeddable":true,"href":"https:\/\/www.rivera.gub.uy\/medioambiente\/wp-json\/wp\/v2\/tags?post=1517"}],"curies":[{"name":"wp","href":"https:\/\/api.w.org\/{rel}","templated":true}]}}