{"id":1521,"date":"2019-02-13T18:06:22","date_gmt":"2019-02-13T18:06:22","guid":{"rendered":"https:\/\/www.rivera.gub.uy\/medioambiente\/?p=1521"},"modified":"2019-02-13T18:06:26","modified_gmt":"2019-02-13T18:06:26","slug":"equipo-de-trabajo-conformado-por-idr-y-utec-entablan-contacto-con-empresarios-del-sector-de-desarrollo-de-software","status":"publish","type":"post","link":"https:\/\/www.rivera.gub.uy\/medioambiente\/equipo-de-trabajo-conformado-por-idr-y-utec-entablan-contacto-con-empresarios-del-sector-de-desarrollo-de-software\/","title":{"rendered":"Equipo de trabajo conformado por IDR y UTEC entablan contacto con empresarios del sector de desarrollo de software"},"content":{"rendered":"<p>Construyendo un futuro de calidad para nuestros j\u00f3venes<\/p>\n<p>El pasado martes 12 de Febrero, integrantes de la Unidad de Desarrollo (IDR) en conjunto con representantes de la Universidad Tecnol\u00f3gica del Uruguay (UTEC) mantuvieron reuniones en el Laboratorio Tecnol\u00f3gico del Uruguay (LATU). La finalidad de estas reuniones fue establecer los primeros contactos con empresas de software y de servicios instaladas en la capital y conocer sus necesidades para que se logren asentar en Rivera, utilizando mano de obra local capacitada para tal fin.<br \/>\n<!--more--><br \/>\nPara ello, a nivel local instituciones terciarias como UTEC e IFSUL vienen formando estudiantes en dichas profesiones. Las reuniones se realizaron con dos j\u00f3venes y exitosos empresarios riverenses, Juan Su\u00e1rez (ARKANO) y Diego Bonilla (NAREIA), que operan dentro del sector de desarrollo de software y que est\u00e1n radicados en Montevideo hace ya un tiempo. En esta oportunidad tambi\u00e9n participaron representantes de la C\u00e1mara Uruguaya de Tecnolog\u00edas de la Informaci\u00f3n (CUTI).<\/p>\n<p>Estas acciones apuntan a la generaci\u00f3n de empleo de calidad para j\u00f3venes riverenses los que adem\u00e1s de formarse aqu\u00ed tendr\u00edan la oportunidad de trabajar en su ciudad no teniendo que migrar a la capital para desarrollarse. El pr\u00f3ximo paso del equipo de trabajo conformado por UTEC, empresarios y gobierno departamental es nuclear a un grupo de empresas de Montevideo para difundir lo que se vienen logrando en nuestra frontera.<\/p>\n<div id='gallery-1' class='gallery galleryid-1521 gallery-columns-2 gallery-size-medium'><figure class='gallery-item'>\n\t\t\t<div class='gallery-icon landscape'>\n\t\t\t\t<a href='https:\/\/www.rivera.gub.uy\/medioambiente\/wp-content\/uploads\/2019\/02\/reuniones-latu2.jpg'><img loading=\"lazy\" decoding=\"async\" width=\"300\" height=\"169\" src=\"https:\/\/www.rivera.gub.uy\/medioambiente\/wp-content\/uploads\/2019\/02\/reuniones-latu2-300x169.jpg\" class=\"attachment-medium size-medium\" alt=\"\" srcset=\"https:\/\/www.rivera.gub.uy\/medioambiente\/wp-content\/uploads\/2019\/02\/reuniones-latu2-300x169.jpg 300w, https:\/\/www.rivera.gub.uy\/medioambiente\/wp-content\/uploads\/2019\/02\/reuniones-latu2-768x432.jpg 768w, https:\/\/www.rivera.gub.uy\/medioambiente\/wp-content\/uploads\/2019\/02\/reuniones-latu2-1024x576.jpg 1024w, https:\/\/www.rivera.gub.uy\/medioambiente\/wp-content\/uploads\/2019\/02\/reuniones-latu2-820x461.jpg 820w, https:\/\/www.rivera.gub.uy\/medioambiente\/wp-content\/uploads\/2019\/02\/reuniones-latu2.jpg 1600w\" sizes=\"(max-width: 300px) 100vw, 300px\" \/><\/a>\n\t\t\t<\/div><\/figure><figure class='gallery-item'>\n\t\t\t<div class='gallery-icon landscape'>\n\t\t\t\t<a href='https:\/\/www.rivera.gub.uy\/medioambiente\/wp-content\/uploads\/2019\/02\/reuniones-latu-1.jpg'><img loading=\"lazy\" decoding=\"async\" width=\"300\" height=\"293\" src=\"https:\/\/www.rivera.gub.uy\/medioambiente\/wp-content\/uploads\/2019\/02\/reuniones-latu-1-300x293.jpg\" class=\"attachment-medium size-medium\" alt=\"\" srcset=\"https:\/\/www.rivera.gub.uy\/medioambiente\/wp-content\/uploads\/2019\/02\/reuniones-latu-1-300x293.jpg 300w, https:\/\/www.rivera.gub.uy\/medioambiente\/wp-content\/uploads\/2019\/02\/reuniones-latu-1.jpg 720w\" sizes=\"(max-width: 300px) 100vw, 300px\" \/><\/a>\n\t\t\t<\/div><\/figure>\n\t\t<\/div>\n\n","protected":false},"excerpt":{"rendered":"<p>Construyendo un futuro de calidad para nuestros j\u00f3venes El pasado martes 12 de Febrero, integrantes de la Unidad de Desarrollo (IDR) en conjunto con representantes de la Universidad Tecnol\u00f3gica del Uruguay (UTEC) mantuvieron reuniones en el Laboratorio Tecnol\u00f3gico del Uruguay (LATU). La finalidad de estas reuniones fue establecer los primeros contactos con empresas de software [&hellip;]<\/p>\n","protected":false},"author":2,"featured_media":1523,"comment_status":"open","ping_status":"open","sticky":false,"template":"","format":"standard","meta":{"footnotes":""},"categories":[1],"tags":[19,16,17,25],"_links":{"self":[{"href":"https:\/\/www.rivera.gub.uy\/medioambiente\/wp-json\/wp\/v2\/posts\/1521"}],"collection":[{"href":"https:\/\/www.rivera.gub.uy\/medioambiente\/wp-json\/wp\/v2\/posts"}],"about":[{"href":"https:\/\/www.rivera.gub.uy\/medioambiente\/wp-json\/wp\/v2\/types\/post"}],"author":[{"embeddable":true,"href":"https:\/\/www.rivera.gub.uy\/medioambiente\/wp-json\/wp\/v2\/users\/2"}],"replies":[{"embeddable":true,"href":"https:\/\/www.rivera.gub.uy\/medioambiente\/wp-json\/wp\/v2\/comments?post=1521"}],"version-history":[{"count":1,"href":"https:\/\/www.rivera.gub.uy\/medioambiente\/wp-json\/wp\/v2\/posts\/1521\/revisions"}],"predecessor-version":[{"id":1525,"href":"https:\/\/www.rivera.gub.uy\/medioambiente\/wp-json\/wp\/v2\/posts\/1521\/revisions\/1525"}],"wp:featuredmedia":[{"embeddable":true,"href":"https:\/\/www.rivera.gub.uy\/medioambiente\/wp-json\/wp\/v2\/media\/1523"}],"wp:attachment":[{"href":"https:\/\/www.rivera.gub.uy\/medioambiente\/wp-json\/wp\/v2\/media?parent=1521"}],"wp:term":[{"taxonomy":"category","embeddable":true,"href":"https:\/\/www.rivera.gub.uy\/medioambiente\/wp-json\/wp\/v2\/categories?post=1521"},{"taxonomy":"post_tag","embeddable":true,"href":"https:\/\/www.rivera.gub.uy\/medioambiente\/wp-json\/wp\/v2\/tags?post=1521"}],"curies":[{"name":"wp","href":"https:\/\/api.w.org\/{rel}","templated":true}]}}