{"id":1526,"date":"2019-02-18T17:52:32","date_gmt":"2019-02-18T17:52:32","guid":{"rendered":"https:\/\/www.rivera.gub.uy\/medioambiente\/?p=1526"},"modified":"2019-02-18T17:52:32","modified_gmt":"2019-02-18T17:52:32","slug":"redema-ofrece-taller-para-micro-y-pequenos-aserraderos-del-departamento","status":"publish","type":"post","link":"https:\/\/www.rivera.gub.uy\/medioambiente\/redema-ofrece-taller-para-micro-y-pequenos-aserraderos-del-departamento\/","title":{"rendered":"REDEMA ofrece taller  para micro y peque\u00f1os aserraderos del departamento"},"content":{"rendered":"<p><span style=\"font-weight: 400;\">La Intendencia Departamental de Rivera, desde el proyecto <\/span><b><i>Desarrollo y fortalecimiento de la cadena de valor del sector Maderero de Rivera, con \u00e9nfasis en la mejora de la productividad, de la competitividad y de la calidad del empleo \/ <\/i><\/b><span style=\"font-weight: 400;\">Red de Desarrollo Maderero de Rivera (REDEMA), convoca para un taller con el soci\u00f3logo Enrique Galliccio (Universidad Claeh), quien brindar\u00e1 capacitaci\u00f3n para la creaci\u00f3n de una cooperativa o asociaci\u00f3n de micro y peque\u00f1os aserraderos del departamento de Rivera. <\/span><\/p>\n<p><a href=\"https:\/\/www.rivera.gub.uy\/medioambiente\/wp-content\/uploads\/2019\/02\/TALLER-DE-CREACI\u00d3N-DE-COOPERATIVA.jpg\">\u00a0<\/a><\/p>\n<p><span style=\"font-weight: 400;\">La invitaci\u00f3n est\u00e1 dirigida a propietarios de micro y peque\u00f1os aserraderos y se extiende a familiares que participen de la gesti\u00f3n de dichas empresas. <\/span><\/p>\n<p><a href=\"https:\/\/www.rivera.gub.uy\/medioambiente\/wp-content\/uploads\/2019\/02\/TALLER-DE-CREACI\u00d3N-DE-COOPERATIVA.jpg\">\u00a0<\/a><\/p>\n<p><span style=\"font-weight: 400;\">El taller ocurrir\u00e1 en el Centro de Competitividad de Rivera ( Agraciada, 416) el dia viernes 22 de febrero de 8 a 11 horas. <\/span><\/p>\n<p><span style=\"font-weight: 400;\">La entrada es gratuita y los interesados deben confirmar presencia hasta el dia 21 de febrero por el celular 091 898 130. <\/span><\/p>\n<p><a href=\"https:\/\/www.rivera.gub.uy\/medioambiente\/wp-content\/uploads\/2019\/02\/TALLER-DE-CREACI\u00d3N-DE-COOPERATIVA.jpg\"><img loading=\"lazy\" decoding=\"async\" class=\"aligncenter size-medium wp-image-1527\" src=\"https:\/\/www.rivera.gub.uy\/medioambiente\/wp-content\/uploads\/2019\/02\/TALLER-DE-CREACI\u00d3N-DE-COOPERATIVA-300x300.jpg\" alt=\"\" width=\"300\" height=\"300\" srcset=\"https:\/\/www.rivera.gub.uy\/medioambiente\/wp-content\/uploads\/2019\/02\/TALLER-DE-CREACI\u00d3N-DE-COOPERATIVA-300x300.jpg 300w, https:\/\/www.rivera.gub.uy\/medioambiente\/wp-content\/uploads\/2019\/02\/TALLER-DE-CREACI\u00d3N-DE-COOPERATIVA-150x150.jpg 150w, https:\/\/www.rivera.gub.uy\/medioambiente\/wp-content\/uploads\/2019\/02\/TALLER-DE-CREACI\u00d3N-DE-COOPERATIVA.jpg 530w\" sizes=\"(max-width: 300px) 100vw, 300px\" \/><\/a><\/p>\n","protected":false},"excerpt":{"rendered":"<p>La Intendencia Departamental de Rivera, desde el proyecto Desarrollo y fortalecimiento de la cadena de valor del sector Maderero de Rivera, con \u00e9nfasis en la mejora de la productividad, de la competitividad y de la calidad del empleo \/ Red de Desarrollo Maderero de Rivera (REDEMA), convoca para un taller con el soci\u00f3logo Enrique Galliccio [&hellip;]<\/p>\n","protected":false},"author":2,"featured_media":1527,"comment_status":"open","ping_status":"open","sticky":false,"template":"","format":"standard","meta":{"footnotes":""},"categories":[1],"tags":[57,55],"_links":{"self":[{"href":"https:\/\/www.rivera.gub.uy\/medioambiente\/wp-json\/wp\/v2\/posts\/1526"}],"collection":[{"href":"https:\/\/www.rivera.gub.uy\/medioambiente\/wp-json\/wp\/v2\/posts"}],"about":[{"href":"https:\/\/www.rivera.gub.uy\/medioambiente\/wp-json\/wp\/v2\/types\/post"}],"author":[{"embeddable":true,"href":"https:\/\/www.rivera.gub.uy\/medioambiente\/wp-json\/wp\/v2\/users\/2"}],"replies":[{"embeddable":true,"href":"https:\/\/www.rivera.gub.uy\/medioambiente\/wp-json\/wp\/v2\/comments?post=1526"}],"version-history":[{"count":1,"href":"https:\/\/www.rivera.gub.uy\/medioambiente\/wp-json\/wp\/v2\/posts\/1526\/revisions"}],"predecessor-version":[{"id":1528,"href":"https:\/\/www.rivera.gub.uy\/medioambiente\/wp-json\/wp\/v2\/posts\/1526\/revisions\/1528"}],"wp:featuredmedia":[{"embeddable":true,"href":"https:\/\/www.rivera.gub.uy\/medioambiente\/wp-json\/wp\/v2\/media\/1527"}],"wp:attachment":[{"href":"https:\/\/www.rivera.gub.uy\/medioambiente\/wp-json\/wp\/v2\/media?parent=1526"}],"wp:term":[{"taxonomy":"category","embeddable":true,"href":"https:\/\/www.rivera.gub.uy\/medioambiente\/wp-json\/wp\/v2\/categories?post=1526"},{"taxonomy":"post_tag","embeddable":true,"href":"https:\/\/www.rivera.gub.uy\/medioambiente\/wp-json\/wp\/v2\/tags?post=1526"}],"curies":[{"name":"wp","href":"https:\/\/api.w.org\/{rel}","templated":true}]}}