{"id":1530,"date":"2019-02-26T12:09:06","date_gmt":"2019-02-26T12:09:06","guid":{"rendered":"https:\/\/www.rivera.gub.uy\/medioambiente\/?p=1530"},"modified":"2019-02-26T12:09:06","modified_gmt":"2019-02-26T12:09:06","slug":"acacia-negra","status":"publish","type":"post","link":"https:\/\/www.rivera.gub.uy\/medioambiente\/acacia-negra\/","title":{"rendered":"Acacia Negra"},"content":{"rendered":"<p>La Direcci\u00f3n General de Desarrollo y Medio Ambiente, a trav\u00e9s de sus Divisiones Medio Ambiente y Estrategias, han comenzado a coordinar acciones en el marco del proyecto \u201cAcacia Negra\u201d. Estas acciones est\u00e1n orientadas a la realizaci\u00f3n de talleres de educaci\u00f3n ambiental en escuelas y liceos de nuestra ciudad.<!--more--><\/p>\n<p>Los mismos ser\u00e1n impartidos durante el a\u00f1o lectivo que inicia; se comenzar\u00e1 con las escuelas cercanas al Arroyo Cu\u00f1apir\u00fa, en zonas donde se verifica un avanzado estado de invasi\u00f3n por parte de la especie Acacia Negra (Gleditsia triacanthos).<\/p>\n<p>El tema primordial que se abordar\u00e1 ser\u00e1 la incorporaci\u00f3n de especies ex\u00f3ticas invasoras al ecosistema y su impacto a nivel local. Para ello las instancias contar\u00e1n con actividades l\u00fadicas, trabajos en equipo y din\u00e1micas que permitan un mayor conocimiento de todos, fomentando el desarrollo de un pensamiento cr\u00edtico y participativo en los ni\u00f1os y vecinos e invit\u00e1ndolos a reflexionar sobre ello.<\/p>\n<p>Como parte de esas reflexiones compartidas, se mostrar\u00e1 a los participantes de estas actividades, de qu\u00e9 forma un problema ambiental como es la especie invasora, puede convertirse en una fuente de trabajo con la elaboraci\u00f3n de carb\u00f3n vegetal.<\/p>\n<div id='gallery-1' class='gallery galleryid-1530 gallery-columns-5 gallery-size-thumbnail'><figure class='gallery-item'>\n\t\t\t<div class='gallery-icon landscape'>\n\t\t\t\t<a href='https:\/\/www.rivera.gub.uy\/medioambiente\/wp-content\/uploads\/2019\/02\/100_3659.jpg'><img loading=\"lazy\" decoding=\"async\" width=\"150\" height=\"150\" src=\"https:\/\/www.rivera.gub.uy\/medioambiente\/wp-content\/uploads\/2019\/02\/100_3659-150x150.jpg\" class=\"attachment-thumbnail size-thumbnail\" alt=\"\" \/><\/a>\n\t\t\t<\/div><\/figure><figure class='gallery-item'>\n\t\t\t<div class='gallery-icon landscape'>\n\t\t\t\t<a href='https:\/\/www.rivera.gub.uy\/medioambiente\/wp-content\/uploads\/2019\/02\/20170605_144018.jpg'><img loading=\"lazy\" decoding=\"async\" width=\"150\" height=\"150\" src=\"https:\/\/www.rivera.gub.uy\/medioambiente\/wp-content\/uploads\/2019\/02\/20170605_144018-150x150.jpg\" class=\"attachment-thumbnail size-thumbnail\" alt=\"\" \/><\/a>\n\t\t\t<\/div><\/figure><figure class='gallery-item'>\n\t\t\t<div class='gallery-icon landscape'>\n\t\t\t\t<a href='https:\/\/www.rivera.gub.uy\/medioambiente\/wp-content\/uploads\/2019\/02\/DSCF0116.jpg'><img loading=\"lazy\" decoding=\"async\" width=\"150\" height=\"150\" src=\"https:\/\/www.rivera.gub.uy\/medioambiente\/wp-content\/uploads\/2019\/02\/DSCF0116-150x150.jpg\" class=\"attachment-thumbnail size-thumbnail\" alt=\"\" \/><\/a>\n\t\t\t<\/div><\/figure><figure class='gallery-item'>\n\t\t\t<div class='gallery-icon portrait'>\n\t\t\t\t<a href='https:\/\/www.rivera.gub.uy\/medioambiente\/wp-content\/uploads\/2019\/02\/Tqras-030818.jpg'><img loading=\"lazy\" decoding=\"async\" width=\"150\" height=\"150\" src=\"https:\/\/www.rivera.gub.uy\/medioambiente\/wp-content\/uploads\/2019\/02\/Tqras-030818-150x150.jpg\" class=\"attachment-thumbnail size-thumbnail\" alt=\"\" \/><\/a>\n\t\t\t<\/div><\/figure><figure class='gallery-item'>\n\t\t\t<div class='gallery-icon landscape'>\n\t\t\t\t<a href='https:\/\/www.rivera.gub.uy\/medioambiente\/wp-content\/uploads\/2019\/02\/vgnhy-011.jpg'><img loading=\"lazy\" decoding=\"async\" width=\"150\" height=\"150\" src=\"https:\/\/www.rivera.gub.uy\/medioambiente\/wp-content\/uploads\/2019\/02\/vgnhy-011-150x150.jpg\" class=\"attachment-thumbnail size-thumbnail\" alt=\"\" \/><\/a>\n\t\t\t<\/div><\/figure>\n\t\t<\/div>\n\n","protected":false},"excerpt":{"rendered":"<p>La Direcci\u00f3n General de Desarrollo y Medio Ambiente, a trav\u00e9s de sus Divisiones Medio Ambiente y Estrategias, han comenzado a coordinar acciones en el marco del proyecto \u201cAcacia Negra\u201d. Estas acciones est\u00e1n orientadas a la realizaci\u00f3n de talleres de educaci\u00f3n ambiental en escuelas y liceos de nuestra ciudad.<\/p>\n","protected":false},"author":2,"featured_media":1532,"comment_status":"open","ping_status":"open","sticky":false,"template":"","format":"standard","meta":{"footnotes":""},"categories":[1],"tags":[90,57,16,17],"_links":{"self":[{"href":"https:\/\/www.rivera.gub.uy\/medioambiente\/wp-json\/wp\/v2\/posts\/1530"}],"collection":[{"href":"https:\/\/www.rivera.gub.uy\/medioambiente\/wp-json\/wp\/v2\/posts"}],"about":[{"href":"https:\/\/www.rivera.gub.uy\/medioambiente\/wp-json\/wp\/v2\/types\/post"}],"author":[{"embeddable":true,"href":"https:\/\/www.rivera.gub.uy\/medioambiente\/wp-json\/wp\/v2\/users\/2"}],"replies":[{"embeddable":true,"href":"https:\/\/www.rivera.gub.uy\/medioambiente\/wp-json\/wp\/v2\/comments?post=1530"}],"version-history":[{"count":1,"href":"https:\/\/www.rivera.gub.uy\/medioambiente\/wp-json\/wp\/v2\/posts\/1530\/revisions"}],"predecessor-version":[{"id":1536,"href":"https:\/\/www.rivera.gub.uy\/medioambiente\/wp-json\/wp\/v2\/posts\/1530\/revisions\/1536"}],"wp:featuredmedia":[{"embeddable":true,"href":"https:\/\/www.rivera.gub.uy\/medioambiente\/wp-json\/wp\/v2\/media\/1532"}],"wp:attachment":[{"href":"https:\/\/www.rivera.gub.uy\/medioambiente\/wp-json\/wp\/v2\/media?parent=1530"}],"wp:term":[{"taxonomy":"category","embeddable":true,"href":"https:\/\/www.rivera.gub.uy\/medioambiente\/wp-json\/wp\/v2\/categories?post=1530"},{"taxonomy":"post_tag","embeddable":true,"href":"https:\/\/www.rivera.gub.uy\/medioambiente\/wp-json\/wp\/v2\/tags?post=1530"}],"curies":[{"name":"wp","href":"https:\/\/api.w.org\/{rel}","templated":true}]}}