{"id":1537,"date":"2019-03-06T13:26:42","date_gmt":"2019-03-06T13:26:42","guid":{"rendered":"https:\/\/www.rivera.gub.uy\/medioambiente\/?p=1537"},"modified":"2019-03-11T16:06:28","modified_gmt":"2019-03-11T16:06:28","slug":"curso-de-capacitacion-en-gestion-empresarial-de-aserraderos","status":"publish","type":"post","link":"https:\/\/www.rivera.gub.uy\/medioambiente\/curso-de-capacitacion-en-gestion-empresarial-de-aserraderos\/","title":{"rendered":"Curso de capacitaci\u00f3n en gesti\u00f3n empresarial para aserraderos"},"content":{"rendered":"<p class=\"m_4600759857570063279gmail-m_-2023551140493653302gmail-western\" lang=\"es-ES\">La Red de Desarrollo Maderero de Rivera (REDEMA) y\u00a0 el Centro de Competitividad Empresarial de Rivera (CCE), convocan a empresarios de micro y peque\u00f1os aserraderos del departamento a participar del<b>\u00a0Curso de Capacitaci\u00f3n en Gesti\u00f3n Empresarial para peque\u00f1os aserraderos<\/b>\u00a0que se dictar\u00e1 en dicho centro<b>\u00a0a partir del d\u00eda 18 de marzo de 2019<\/b>.<\/p>\n<p lang=\"es-ES\" align=\"JUSTIFY\">El curso tiene duraci\u00f3n de<strong> dos meses<\/strong> y los encuentros ocurrir\u00e1n todos los <strong>lunes y mi\u00e9rcoles<\/strong> , de <strong>19 a 22 horas<\/strong> en el CCE (Agraciada, 416).<\/p>\n<p lang=\"es-ES\" align=\"JUSTIFY\">La capacitaci\u00f3n estar\u00e1 a cargo del Contador Marcos Fag\u00fandez y no tiene costo para los participantes.<\/p>\n<p lang=\"es-ES\" align=\"JUSTIFY\">Ser\u00e1n abordados en los talleres temas como procesos comunes al grupo, asociatividad, negociaci\u00f3n grupal, costos, ficha de productos, punto de equilibrio, an\u00e1lisis de ingresos y egresos, gesti\u00f3n de recursos humanos, derecho laboral,comercializaci\u00f3n, marketing, tecnolog\u00edas de gesti\u00f3n, entre otros.<\/p>\n<p class=\"m_4600759857570063279gmail-m_-2023551140493653302gmail-western\" lang=\"es-ES\" align=\"JUSTIFY\"><b>Contexto\u00a0<\/b><\/p>\n<p class=\"m_4600759857570063279gmail-m_-2023551140493653302gmail-western\" lang=\"es-ES\" align=\"JUSTIFY\">Actualmente, la mayor\u00eda de los aserraderos se encuentran vendiendo la madera que producen a barracas en el sur del pa\u00eds por intermediarios o de forma directa. Desde el proyecto REDEMA se esta trabajando para detectar otros mercados en los que estos puedan comercializar sus productos. Para ello, deber\u00e1n mejorar los procesos de producci\u00f3n y la gesti\u00f3n de los empreendimientos.<\/p>\n<p class=\"western\" lang=\"es-ES\" align=\"JUSTIFY\">\n","protected":false},"excerpt":{"rendered":"<p>La Red de Desarrollo Maderero de Rivera (REDEMA) y\u00a0 el Centro de Competitividad Empresarial de Rivera (CCE), convocan a empresarios de micro y peque\u00f1os aserraderos del departamento a participar del\u00a0Curso de Capacitaci\u00f3n en Gesti\u00f3n Empresarial para peque\u00f1os aserraderos\u00a0que se dictar\u00e1 en dicho centro\u00a0a partir del d\u00eda 18 de marzo de 2019. El curso tiene duraci\u00f3n [&hellip;]<\/p>\n","protected":false},"author":2,"featured_media":1545,"comment_status":"open","ping_status":"open","sticky":false,"template":"","format":"standard","meta":{"footnotes":""},"categories":[1],"tags":[38,57,55],"_links":{"self":[{"href":"https:\/\/www.rivera.gub.uy\/medioambiente\/wp-json\/wp\/v2\/posts\/1537"}],"collection":[{"href":"https:\/\/www.rivera.gub.uy\/medioambiente\/wp-json\/wp\/v2\/posts"}],"about":[{"href":"https:\/\/www.rivera.gub.uy\/medioambiente\/wp-json\/wp\/v2\/types\/post"}],"author":[{"embeddable":true,"href":"https:\/\/www.rivera.gub.uy\/medioambiente\/wp-json\/wp\/v2\/users\/2"}],"replies":[{"embeddable":true,"href":"https:\/\/www.rivera.gub.uy\/medioambiente\/wp-json\/wp\/v2\/comments?post=1537"}],"version-history":[{"count":7,"href":"https:\/\/www.rivera.gub.uy\/medioambiente\/wp-json\/wp\/v2\/posts\/1537\/revisions"}],"predecessor-version":[{"id":1547,"href":"https:\/\/www.rivera.gub.uy\/medioambiente\/wp-json\/wp\/v2\/posts\/1537\/revisions\/1547"}],"wp:featuredmedia":[{"embeddable":true,"href":"https:\/\/www.rivera.gub.uy\/medioambiente\/wp-json\/wp\/v2\/media\/1545"}],"wp:attachment":[{"href":"https:\/\/www.rivera.gub.uy\/medioambiente\/wp-json\/wp\/v2\/media?parent=1537"}],"wp:term":[{"taxonomy":"category","embeddable":true,"href":"https:\/\/www.rivera.gub.uy\/medioambiente\/wp-json\/wp\/v2\/categories?post=1537"},{"taxonomy":"post_tag","embeddable":true,"href":"https:\/\/www.rivera.gub.uy\/medioambiente\/wp-json\/wp\/v2\/tags?post=1537"}],"curies":[{"name":"wp","href":"https:\/\/api.w.org\/{rel}","templated":true}]}}