{"id":1550,"date":"2019-03-15T13:18:36","date_gmt":"2019-03-15T13:18:36","guid":{"rendered":"https:\/\/www.rivera.gub.uy\/medioambiente\/?p=1550"},"modified":"2019-03-15T13:18:36","modified_gmt":"2019-03-15T13:18:36","slug":"el-ecosistema-emprendedor-se-consolida-en-la-frontera-de-la-paz","status":"publish","type":"post","link":"https:\/\/www.rivera.gub.uy\/medioambiente\/el-ecosistema-emprendedor-se-consolida-en-la-frontera-de-la-paz\/","title":{"rendered":"El ecosistema emprendedor se consolida en la frontera de la paz"},"content":{"rendered":"<p>Actores p\u00fablicos, privados y la academia, coordinan acciones en territorio<\/p>\n<p>El pasado 28 de febrero, se realiz\u00f3 el primer encuentro del \u201cecosistema de emprendedurismo de la frontera\u201d en la ITR Norte de la Universidad Tecnol\u00f3gica del Uruguay (UTEC).<br \/>\n<!--more-->Este encuentro cont\u00f3 con la presencia de los sectores p\u00fablicos, privados y la academia de ambos pa\u00edses, donde se destacan: Universidad T\u00e9cnica del Uruguay (UTU), Universidad del Pampa (UNIPAMPA), Instituto Federal Sulriograndense (IFSUL), UTEC, Intendencia Departamental de Rivera (IDR), Prefeitura de Livramento, Ministerio de Industria, Energ\u00eda y Miner\u00eda (MIEM), Centro de Competitividad empresarial (CCE) y la Asociaci\u00f3n de J\u00f3venes Emprendedores de Livramento (AJE).<\/p>\n<p>La amplitud de los actores demuestra que se est\u00e1 en el camino correcto trabajando bajo la premisa de que el sector privado, el p\u00fablico y la academia trabajen de forma coordinada. El evento tuvo por finalidad planificar las actividades relacionadas al emprendedurismo que existir\u00e1n en la frontera de la paz durante todo el 2019.<\/p>\n<p>De esta forma, el vasto n\u00famero de actividades a desarrollar por cada actor se complementar\u00e1n pudiendo llegar de mejor forma a la poblaci\u00f3n objetivo.<\/p>\n<p>Adem\u00e1s de ello, se plantearon algunos desaf\u00edos que nuestra frontera deber\u00e1 afrontar en el corto plazo como lo son la potencial implantaci\u00f3n de un polo tecnol\u00f3gico, el mapeo del ecosistema emprendedor regional, el impulso al trabajo desarrollado en el coworking Rivera, entre otros.<\/p>\n","protected":false},"excerpt":{"rendered":"<p>Actores p\u00fablicos, privados y la academia, coordinan acciones en territorio El pasado 28 de febrero, se realiz\u00f3 el primer encuentro del \u201cecosistema de emprendedurismo de la frontera\u201d en la ITR Norte de la Universidad Tecnol\u00f3gica del Uruguay (UTEC).<\/p>\n","protected":false},"author":2,"featured_media":1551,"comment_status":"open","ping_status":"open","sticky":false,"template":"","format":"standard","meta":{"footnotes":""},"categories":[1],"tags":[],"_links":{"self":[{"href":"https:\/\/www.rivera.gub.uy\/medioambiente\/wp-json\/wp\/v2\/posts\/1550"}],"collection":[{"href":"https:\/\/www.rivera.gub.uy\/medioambiente\/wp-json\/wp\/v2\/posts"}],"about":[{"href":"https:\/\/www.rivera.gub.uy\/medioambiente\/wp-json\/wp\/v2\/types\/post"}],"author":[{"embeddable":true,"href":"https:\/\/www.rivera.gub.uy\/medioambiente\/wp-json\/wp\/v2\/users\/2"}],"replies":[{"embeddable":true,"href":"https:\/\/www.rivera.gub.uy\/medioambiente\/wp-json\/wp\/v2\/comments?post=1550"}],"version-history":[{"count":1,"href":"https:\/\/www.rivera.gub.uy\/medioambiente\/wp-json\/wp\/v2\/posts\/1550\/revisions"}],"predecessor-version":[{"id":1552,"href":"https:\/\/www.rivera.gub.uy\/medioambiente\/wp-json\/wp\/v2\/posts\/1550\/revisions\/1552"}],"wp:featuredmedia":[{"embeddable":true,"href":"https:\/\/www.rivera.gub.uy\/medioambiente\/wp-json\/wp\/v2\/media\/1551"}],"wp:attachment":[{"href":"https:\/\/www.rivera.gub.uy\/medioambiente\/wp-json\/wp\/v2\/media?parent=1550"}],"wp:term":[{"taxonomy":"category","embeddable":true,"href":"https:\/\/www.rivera.gub.uy\/medioambiente\/wp-json\/wp\/v2\/categories?post=1550"},{"taxonomy":"post_tag","embeddable":true,"href":"https:\/\/www.rivera.gub.uy\/medioambiente\/wp-json\/wp\/v2\/tags?post=1550"}],"curies":[{"name":"wp","href":"https:\/\/api.w.org\/{rel}","templated":true}]}}