{"id":1557,"date":"2019-03-20T13:06:01","date_gmt":"2019-03-20T13:06:01","guid":{"rendered":"https:\/\/www.rivera.gub.uy\/medioambiente\/?p=1557"},"modified":"2019-03-20T13:07:13","modified_gmt":"2019-03-20T13:07:13","slug":"empresarios-de-pequenos-aserraderos-participan-de-capacitacion-en-gestion","status":"publish","type":"post","link":"https:\/\/www.rivera.gub.uy\/medioambiente\/empresarios-de-pequenos-aserraderos-participan-de-capacitacion-en-gestion\/","title":{"rendered":"Empresarios de peque\u00f1os aserraderos participan de capacitaci\u00f3n en gesti\u00f3n"},"content":{"rendered":"<p>El pasado lunes 18 de marzo tuvo inicio el curso de capacitaci\u00f3n en Gesti\u00f3n Empresarial de Peque\u00f1os Aserraderos ofrecido por el proyecto <i><span class=\"m_-4643386172287794267gmail-m_-5176652956131609442gmail-il\">Desarrollo<\/span>\u00a0y fortalecimiento de la cadena de valor del sector\u00a0<span class=\"m_-4643386172287794267gmail-m_-5176652956131609442gmail-il\">Maderero<\/span>\u00a0de Rivera, con \u00e9nfasis en la mejora de la productividad, de la competitividad y de la calidad del empleo \/\u00a0<\/i>Red de\u00a0<span class=\"m_-4643386172287794267gmail-m_-5176652956131609442gmail-il\">Desarrollo<\/span>\u00a0<span class=\"m_-4643386172287794267gmail-m_-5176652956131609442gmail-il\">Maderero<\/span> de Rivera (REDEMA)\u00a0 a empresarios de micro y peque\u00f1os aserraderos.<\/p>\n<p>Los empreendedores van a recibir contenidos que ser\u00e1n herramientas importantes para mejorar los procesos administrativos de sus empresas.<\/p>\n<p><a href=\"https:\/\/www.rivera.gub.uy\/medioambiente\/wp-content\/uploads\/2019\/03\/WhatsApp-Image-2019-03-18-at-19.30.06.jpeg\"><img loading=\"lazy\" decoding=\"async\" class=\"aligncenter size-medium wp-image-1559\" src=\"https:\/\/www.rivera.gub.uy\/medioambiente\/wp-content\/uploads\/2019\/03\/WhatsApp-Image-2019-03-18-at-19.30.06-300x225.jpeg\" alt=\"\" width=\"300\" height=\"225\" srcset=\"https:\/\/www.rivera.gub.uy\/medioambiente\/wp-content\/uploads\/2019\/03\/WhatsApp-Image-2019-03-18-at-19.30.06-300x225.jpeg 300w, https:\/\/www.rivera.gub.uy\/medioambiente\/wp-content\/uploads\/2019\/03\/WhatsApp-Image-2019-03-18-at-19.30.06-768x576.jpeg 768w, https:\/\/www.rivera.gub.uy\/medioambiente\/wp-content\/uploads\/2019\/03\/WhatsApp-Image-2019-03-18-at-19.30.06-1024x768.jpeg 1024w, https:\/\/www.rivera.gub.uy\/medioambiente\/wp-content\/uploads\/2019\/03\/WhatsApp-Image-2019-03-18-at-19.30.06-820x615.jpeg 820w, https:\/\/www.rivera.gub.uy\/medioambiente\/wp-content\/uploads\/2019\/03\/WhatsApp-Image-2019-03-18-at-19.30.06.jpeg 1600w\" sizes=\"(max-width: 300px) 100vw, 300px\" \/><\/a><a href=\"https:\/\/www.rivera.gub.uy\/medioambiente\/wp-content\/uploads\/2019\/03\/WhatsApp-Image-2019-03-18-at-19.35.42.jpeg\"><img loading=\"lazy\" decoding=\"async\" class=\"aligncenter size-medium wp-image-1560\" src=\"https:\/\/www.rivera.gub.uy\/medioambiente\/wp-content\/uploads\/2019\/03\/WhatsApp-Image-2019-03-18-at-19.35.42-300x172.jpeg\" alt=\"\" width=\"300\" height=\"172\" srcset=\"https:\/\/www.rivera.gub.uy\/medioambiente\/wp-content\/uploads\/2019\/03\/WhatsApp-Image-2019-03-18-at-19.35.42-300x172.jpeg 300w, https:\/\/www.rivera.gub.uy\/medioambiente\/wp-content\/uploads\/2019\/03\/WhatsApp-Image-2019-03-18-at-19.35.42-768x440.jpeg 768w, https:\/\/www.rivera.gub.uy\/medioambiente\/wp-content\/uploads\/2019\/03\/WhatsApp-Image-2019-03-18-at-19.35.42.jpeg 1024w, https:\/\/www.rivera.gub.uy\/medioambiente\/wp-content\/uploads\/2019\/03\/WhatsApp-Image-2019-03-18-at-19.35.42-820x469.jpeg 820w\" sizes=\"(max-width: 300px) 100vw, 300px\" \/><\/a><a href=\"https:\/\/www.rivera.gub.uy\/medioambiente\/wp-content\/uploads\/2019\/03\/WhatsApp-Image-2019-03-18-at-19.36.45.jpeg\"><img loading=\"lazy\" decoding=\"async\" class=\"aligncenter wp-image-1558\" src=\"https:\/\/www.rivera.gub.uy\/medioambiente\/wp-content\/uploads\/2019\/03\/WhatsApp-Image-2019-03-18-at-19.36.45-300x144.jpeg\" alt=\"\" width=\"394\" height=\"189\" srcset=\"https:\/\/www.rivera.gub.uy\/medioambiente\/wp-content\/uploads\/2019\/03\/WhatsApp-Image-2019-03-18-at-19.36.45-300x144.jpeg 300w, https:\/\/www.rivera.gub.uy\/medioambiente\/wp-content\/uploads\/2019\/03\/WhatsApp-Image-2019-03-18-at-19.36.45-768x368.jpeg 768w, https:\/\/www.rivera.gub.uy\/medioambiente\/wp-content\/uploads\/2019\/03\/WhatsApp-Image-2019-03-18-at-19.36.45.jpeg 1024w, https:\/\/www.rivera.gub.uy\/medioambiente\/wp-content\/uploads\/2019\/03\/WhatsApp-Image-2019-03-18-at-19.36.45-820x392.jpeg 820w\" sizes=\"(max-width: 394px) 100vw, 394px\" \/><\/a><\/p>\n<p>\u00abEs un taller muy prometedor\u00bbafirma Daiana Morgavi que junto a su familia llevan adelante un peque\u00f1o aserradero en la ciudad de Tranqueras.<\/p>\n<p>La capacitaci\u00f3n hace parte de una alianza realizada con el Centro de Competitividad Empresarial de Rivera.<\/p>\n","protected":false},"excerpt":{"rendered":"<p>El pasado lunes 18 de marzo tuvo inicio el curso de capacitaci\u00f3n en Gesti\u00f3n Empresarial de Peque\u00f1os Aserraderos ofrecido por el proyecto Desarrollo\u00a0y fortalecimiento de la cadena de valor del sector\u00a0Maderero\u00a0de Rivera, con \u00e9nfasis en la mejora de la productividad, de la competitividad y de la calidad del empleo \/\u00a0Red de\u00a0Desarrollo\u00a0Maderero de Rivera (REDEMA)\u00a0 a [&hellip;]<\/p>\n","protected":false},"author":2,"featured_media":1559,"comment_status":"open","ping_status":"open","sticky":false,"template":"","format":"standard","meta":{"footnotes":""},"categories":[1],"tags":[110,38,55],"_links":{"self":[{"href":"https:\/\/www.rivera.gub.uy\/medioambiente\/wp-json\/wp\/v2\/posts\/1557"}],"collection":[{"href":"https:\/\/www.rivera.gub.uy\/medioambiente\/wp-json\/wp\/v2\/posts"}],"about":[{"href":"https:\/\/www.rivera.gub.uy\/medioambiente\/wp-json\/wp\/v2\/types\/post"}],"author":[{"embeddable":true,"href":"https:\/\/www.rivera.gub.uy\/medioambiente\/wp-json\/wp\/v2\/users\/2"}],"replies":[{"embeddable":true,"href":"https:\/\/www.rivera.gub.uy\/medioambiente\/wp-json\/wp\/v2\/comments?post=1557"}],"version-history":[{"count":1,"href":"https:\/\/www.rivera.gub.uy\/medioambiente\/wp-json\/wp\/v2\/posts\/1557\/revisions"}],"predecessor-version":[{"id":1561,"href":"https:\/\/www.rivera.gub.uy\/medioambiente\/wp-json\/wp\/v2\/posts\/1557\/revisions\/1561"}],"wp:featuredmedia":[{"embeddable":true,"href":"https:\/\/www.rivera.gub.uy\/medioambiente\/wp-json\/wp\/v2\/media\/1559"}],"wp:attachment":[{"href":"https:\/\/www.rivera.gub.uy\/medioambiente\/wp-json\/wp\/v2\/media?parent=1557"}],"wp:term":[{"taxonomy":"category","embeddable":true,"href":"https:\/\/www.rivera.gub.uy\/medioambiente\/wp-json\/wp\/v2\/categories?post=1557"},{"taxonomy":"post_tag","embeddable":true,"href":"https:\/\/www.rivera.gub.uy\/medioambiente\/wp-json\/wp\/v2\/tags?post=1557"}],"curies":[{"name":"wp","href":"https:\/\/api.w.org\/{rel}","templated":true}]}}