{"id":1574,"date":"2019-04-04T12:55:06","date_gmt":"2019-04-04T12:55:06","guid":{"rendered":"https:\/\/www.rivera.gub.uy\/medioambiente\/?p=1574"},"modified":"2019-04-04T12:55:06","modified_gmt":"2019-04-04T12:55:06","slug":"convocatoria-2019-para-el-programa-de-inversion-productiva-p-i-p","status":"publish","type":"post","link":"https:\/\/www.rivera.gub.uy\/medioambiente\/convocatoria-2019-para-el-programa-de-inversion-productiva-p-i-p\/","title":{"rendered":"Convocatoria 2019 para el Programa de Inversi\u00f3n Productiva (P.I.P)"},"content":{"rendered":"<p>La DGDMA, a trav\u00e9s del Ce.P.E Rivera, llama a Emprendedores interesados en postularse al Programa de Inversi\u00f3n Productiva (P.I.P) \u2013 Convocatoria 2019.<!--more--><br \/>\nInteresados o por m\u00e1s informaci\u00f3n, dirigirse a la Oficina del Ce.P.E (1er piso de la Intendencia Departamental) de lunes a viernes de 09:00 a 15:00 horas, hasta el d\u00eda martes 30 de abril.<br \/>\nLos postulantes deber\u00e1n presentar c\u00e9dula de Identidad vigente, para registro v\u00eda trabajo.<\/p>\n<p>&nbsp;<\/p>\n","protected":false},"excerpt":{"rendered":"<p>La DGDMA, a trav\u00e9s del Ce.P.E Rivera, llama a Emprendedores interesados en postularse al Programa de Inversi\u00f3n Productiva (P.I.P) \u2013 Convocatoria 2019.<\/p>\n","protected":false},"author":2,"featured_media":1575,"comment_status":"open","ping_status":"open","sticky":false,"template":"","format":"standard","meta":{"footnotes":""},"categories":[1],"tags":[116,24,16,17],"_links":{"self":[{"href":"https:\/\/www.rivera.gub.uy\/medioambiente\/wp-json\/wp\/v2\/posts\/1574"}],"collection":[{"href":"https:\/\/www.rivera.gub.uy\/medioambiente\/wp-json\/wp\/v2\/posts"}],"about":[{"href":"https:\/\/www.rivera.gub.uy\/medioambiente\/wp-json\/wp\/v2\/types\/post"}],"author":[{"embeddable":true,"href":"https:\/\/www.rivera.gub.uy\/medioambiente\/wp-json\/wp\/v2\/users\/2"}],"replies":[{"embeddable":true,"href":"https:\/\/www.rivera.gub.uy\/medioambiente\/wp-json\/wp\/v2\/comments?post=1574"}],"version-history":[{"count":1,"href":"https:\/\/www.rivera.gub.uy\/medioambiente\/wp-json\/wp\/v2\/posts\/1574\/revisions"}],"predecessor-version":[{"id":1576,"href":"https:\/\/www.rivera.gub.uy\/medioambiente\/wp-json\/wp\/v2\/posts\/1574\/revisions\/1576"}],"wp:featuredmedia":[{"embeddable":true,"href":"https:\/\/www.rivera.gub.uy\/medioambiente\/wp-json\/wp\/v2\/media\/1575"}],"wp:attachment":[{"href":"https:\/\/www.rivera.gub.uy\/medioambiente\/wp-json\/wp\/v2\/media?parent=1574"}],"wp:term":[{"taxonomy":"category","embeddable":true,"href":"https:\/\/www.rivera.gub.uy\/medioambiente\/wp-json\/wp\/v2\/categories?post=1574"},{"taxonomy":"post_tag","embeddable":true,"href":"https:\/\/www.rivera.gub.uy\/medioambiente\/wp-json\/wp\/v2\/tags?post=1574"}],"curies":[{"name":"wp","href":"https:\/\/api.w.org\/{rel}","templated":true}]}}