{"id":1614,"date":"2019-05-21T11:34:20","date_gmt":"2019-05-21T11:34:20","guid":{"rendered":"https:\/\/www.rivera.gub.uy\/medioambiente\/?p=1614"},"modified":"2019-05-21T11:38:00","modified_gmt":"2019-05-21T11:38:00","slug":"proyecto-acacia-negra-recupera-areas-verdes-en-las-margenes-del-cunapiru","status":"publish","type":"post","link":"https:\/\/www.rivera.gub.uy\/medioambiente\/proyecto-acacia-negra-recupera-areas-verdes-en-las-margenes-del-cunapiru\/","title":{"rendered":"Proyecto Acacia Negra recupera \u00e1reas verdes en las m\u00e1rgenes del Cu\u00f1apir\u00fa"},"content":{"rendered":"<p>La Intendencia Departamental de Rivera (IDR) en conjunto con Facultad de Ciencias (UDELAR) desarrolla desde el a\u00f1o 2017 un proyecto de investigaci\u00f3n e innovaci\u00f3n inclusiva denominado \u201cAcacia Negra. Utilizaci\u00f3n de una especie invasora le\u00f1osa como fuente laboral para grupos vulnerables de Rivera\u201d ejecutado con fondos de la Agencia Nacional de Investigaci\u00f3n e Innovaci\u00f3n (ANII).<!--more--><\/p>\n<p>Dicho proyecto tiene como cometido principal analizar las potencialidades del uso econ\u00f3mico de la especie ex\u00f3tica invasora Gleditsia triacanthos, (acacia negra) como recurso maderable, contribuyendo a la conservaci\u00f3n y recuperaci\u00f3n del monte nativo a la vez que busca mejorar la calidad de vida de sectores vulnerables de la poblaci\u00f3n de Rivera, en este caso, acompa\u00f1an el proyecto un grupo de familias vinculadas a la producci\u00f3n de carb\u00f3n artesanal.<\/p>\n<p>Como especie invasora, la Acacia Negra, es originaria del sureste de Estados Unidos, tiene el potencial de desplazar a todas las especies nativas dando lugar a formaciones boscosas conformadas \u00fanicamente por esta especie. Por tal motivo constituye una importante amenaza a la biodiversidad. En Uruguay se la considera una de las le\u00f1osas invasoras con mayor capacidad de degradaci\u00f3n del bosque nativo y en Rivera extensas \u00e1reas sobre las m\u00e1rgenes del arroyo Cu\u00f1apir\u00fa est\u00e1n cubiertas por esta especie.<\/p>\n<p>En el marco de las actividades del proyecto, se estim\u00f3 el volumen maderable mediante trabajo de campo y an\u00e1lisis de im\u00e1genes obtenidas con drone. Se analiz\u00f3 el rendimiento y la calidad del carb\u00f3n obtenido con la madera de esta especie. Adem\u00e1s se evalu\u00f3 la rentabilidad y las posibles v\u00edas de comercializaci\u00f3n del carb\u00f3n en la ciudad de Rivera. Paralelamente se trabaj\u00f3 con el grupo de familias que producen carb\u00f3n vegetal en la ciudad, quienes fueron capacitados para la tarea de tala en conformidad con las normas de seguridad necesarias para dicha tarea.<\/p>\n<p>Los resultados obtenidos indican que la calidad de carb\u00f3n obtenido con Gleditsia triacanthos es comparable con el carb\u00f3n comercializado en la ciudad de Rivera y que sus propiedades se encuentran dentro de los rangos definidos por est\u00e1ndares internacionales. En los pr\u00f3ximos d\u00edas se comenzar\u00e1 con la tala de Gleditsia triacanthos en un padr\u00f3n municipal en las proximidades del Shoping Melancia. Todo lo extra\u00eddo se destinar\u00e1 a la producci\u00f3n de carb\u00f3n y en el sitio se comenzar\u00e1n los trabajos de manejo para la restauraci\u00f3n del \u00e1rea evitando el rebrote de esta especie.<\/p>\n<p>Es importante desatacar que el problema de la invasi\u00f3n en los bosques naturales por Gleditsia triacanthos es un tema presente en la mayor parte de los bosques del pa\u00eds. Pero las acciones y estudios son incipientes en el pa\u00eds. Las actividades realizadas en este proyecto son de importancia a nivel nacional y se espera que los resultados obtenidos con este proyecto aporten al desarrollo de nuevas l\u00edneas de investigaci\u00f3n y gesti\u00f3n vinculadas al control del avance de especies ex\u00f3ticas invasoras en el pa\u00eds.<\/p>\n<div id='gallery-1' class='gallery galleryid-1614 gallery-columns-7 gallery-size-thumbnail'><figure class='gallery-item'>\n\t\t\t<div class='gallery-icon portrait'>\n\t\t\t\t<a href='https:\/\/www.rivera.gub.uy\/medioambiente\/wp-content\/uploads\/2019\/05\/IMG_2571.jpg'><img loading=\"lazy\" decoding=\"async\" width=\"150\" height=\"150\" src=\"https:\/\/www.rivera.gub.uy\/medioambiente\/wp-content\/uploads\/2019\/05\/IMG_2571-150x150.jpg\" class=\"attachment-thumbnail size-thumbnail\" alt=\"\" \/><\/a>\n\t\t\t<\/div><\/figure><figure class='gallery-item'>\n\t\t\t<div class='gallery-icon portrait'>\n\t\t\t\t<a href='https:\/\/www.rivera.gub.uy\/medioambiente\/wp-content\/uploads\/2019\/05\/IMG_2572.jpg'><img loading=\"lazy\" decoding=\"async\" width=\"150\" height=\"150\" src=\"https:\/\/www.rivera.gub.uy\/medioambiente\/wp-content\/uploads\/2019\/05\/IMG_2572-150x150.jpg\" class=\"attachment-thumbnail size-thumbnail\" alt=\"\" \/><\/a>\n\t\t\t<\/div><\/figure><figure class='gallery-item'>\n\t\t\t<div class='gallery-icon landscape'>\n\t\t\t\t<a href='https:\/\/www.rivera.gub.uy\/medioambiente\/wp-content\/uploads\/2019\/05\/VMEY1887.jpg'><img loading=\"lazy\" decoding=\"async\" width=\"150\" height=\"150\" src=\"https:\/\/www.rivera.gub.uy\/medioambiente\/wp-content\/uploads\/2019\/05\/VMEY1887-150x150.jpg\" class=\"attachment-thumbnail size-thumbnail\" alt=\"\" \/><\/a>\n\t\t\t<\/div><\/figure><figure class='gallery-item'>\n\t\t\t<div class='gallery-icon landscape'>\n\t\t\t\t<a href='https:\/\/www.rivera.gub.uy\/medioambiente\/wp-content\/uploads\/2019\/05\/WhatsApp-Image-2019-05-20-at-12.01.37.jpeg'><img loading=\"lazy\" decoding=\"async\" width=\"150\" height=\"150\" src=\"https:\/\/www.rivera.gub.uy\/medioambiente\/wp-content\/uploads\/2019\/05\/WhatsApp-Image-2019-05-20-at-12.01.37-150x150.jpeg\" class=\"attachment-thumbnail size-thumbnail\" alt=\"\" \/><\/a>\n\t\t\t<\/div><\/figure><figure class='gallery-item'>\n\t\t\t<div class='gallery-icon landscape'>\n\t\t\t\t<a href='https:\/\/www.rivera.gub.uy\/medioambiente\/wp-content\/uploads\/2019\/05\/WhatsApp-Image-2019-05-20-at-12.01.38-1.jpeg'><img loading=\"lazy\" decoding=\"async\" width=\"150\" height=\"150\" src=\"https:\/\/www.rivera.gub.uy\/medioambiente\/wp-content\/uploads\/2019\/05\/WhatsApp-Image-2019-05-20-at-12.01.38-1-150x150.jpeg\" class=\"attachment-thumbnail size-thumbnail\" alt=\"\" \/><\/a>\n\t\t\t<\/div><\/figure><figure class='gallery-item'>\n\t\t\t<div class='gallery-icon landscape'>\n\t\t\t\t<a href='https:\/\/www.rivera.gub.uy\/medioambiente\/wp-content\/uploads\/2019\/05\/WhatsApp-Image-2019-05-20-at-12.01.38.jpeg'><img loading=\"lazy\" decoding=\"async\" width=\"150\" height=\"150\" src=\"https:\/\/www.rivera.gub.uy\/medioambiente\/wp-content\/uploads\/2019\/05\/WhatsApp-Image-2019-05-20-at-12.01.38-150x150.jpeg\" class=\"attachment-thumbnail size-thumbnail\" alt=\"\" \/><\/a>\n\t\t\t<\/div><\/figure><figure class='gallery-item'>\n\t\t\t<div class='gallery-icon landscape'>\n\t\t\t\t<a href='https:\/\/www.rivera.gub.uy\/medioambiente\/wp-content\/uploads\/2019\/05\/WhatsApp-Image-2019-05-20-at-12.01.50.jpeg'><img loading=\"lazy\" decoding=\"async\" width=\"150\" height=\"150\" src=\"https:\/\/www.rivera.gub.uy\/medioambiente\/wp-content\/uploads\/2019\/05\/WhatsApp-Image-2019-05-20-at-12.01.50-150x150.jpeg\" class=\"attachment-thumbnail size-thumbnail\" alt=\"\" \/><\/a>\n\t\t\t<\/div><\/figure>\n\t\t<\/div>\n\n","protected":false},"excerpt":{"rendered":"<p>La Intendencia Departamental de Rivera (IDR) en conjunto con Facultad de Ciencias (UDELAR) desarrolla desde el a\u00f1o 2017 un proyecto de investigaci\u00f3n e innovaci\u00f3n inclusiva denominado \u201cAcacia Negra. Utilizaci\u00f3n de una especie invasora le\u00f1osa como fuente laboral para grupos vulnerables de Rivera\u201d ejecutado con fondos de la Agencia Nacional de Investigaci\u00f3n e Innovaci\u00f3n (ANII).<\/p>\n","protected":false},"author":2,"featured_media":1617,"comment_status":"open","ping_status":"open","sticky":false,"template":"","format":"standard","meta":{"footnotes":""},"categories":[1],"tags":[90,119,57,16,17],"_links":{"self":[{"href":"https:\/\/www.rivera.gub.uy\/medioambiente\/wp-json\/wp\/v2\/posts\/1614"}],"collection":[{"href":"https:\/\/www.rivera.gub.uy\/medioambiente\/wp-json\/wp\/v2\/posts"}],"about":[{"href":"https:\/\/www.rivera.gub.uy\/medioambiente\/wp-json\/wp\/v2\/types\/post"}],"author":[{"embeddable":true,"href":"https:\/\/www.rivera.gub.uy\/medioambiente\/wp-json\/wp\/v2\/users\/2"}],"replies":[{"embeddable":true,"href":"https:\/\/www.rivera.gub.uy\/medioambiente\/wp-json\/wp\/v2\/comments?post=1614"}],"version-history":[{"count":1,"href":"https:\/\/www.rivera.gub.uy\/medioambiente\/wp-json\/wp\/v2\/posts\/1614\/revisions"}],"predecessor-version":[{"id":1622,"href":"https:\/\/www.rivera.gub.uy\/medioambiente\/wp-json\/wp\/v2\/posts\/1614\/revisions\/1622"}],"wp:featuredmedia":[{"embeddable":true,"href":"https:\/\/www.rivera.gub.uy\/medioambiente\/wp-json\/wp\/v2\/media\/1617"}],"wp:attachment":[{"href":"https:\/\/www.rivera.gub.uy\/medioambiente\/wp-json\/wp\/v2\/media?parent=1614"}],"wp:term":[{"taxonomy":"category","embeddable":true,"href":"https:\/\/www.rivera.gub.uy\/medioambiente\/wp-json\/wp\/v2\/categories?post=1614"},{"taxonomy":"post_tag","embeddable":true,"href":"https:\/\/www.rivera.gub.uy\/medioambiente\/wp-json\/wp\/v2\/tags?post=1614"}],"curies":[{"name":"wp","href":"https:\/\/api.w.org\/{rel}","templated":true}]}}