{"id":1624,"date":"2019-05-22T18:13:58","date_gmt":"2019-05-22T18:13:58","guid":{"rendered":"https:\/\/www.rivera.gub.uy\/medioambiente\/?p=1624"},"modified":"2019-05-27T18:30:02","modified_gmt":"2019-05-27T18:30:02","slug":"1624-2","status":"publish","type":"post","link":"https:\/\/www.rivera.gub.uy\/medioambiente\/1624-2\/","title":{"rendered":"Redema capacit\u00f3 a empresarios sobre Gesti\u00f3n Empresarial de Aserraderos"},"content":{"rendered":"<p>El pasado lunes, empresarios de micro y peque\u00f1os aserraderos de Rivera y Tranqueras participaron de la \u00faltima clase del Curso de Gesti\u00f3n Empresarial de Aserraderos. En la oportunidad se hizo la entrega de certificados a los participantes, que pese a la gran lluvia de ese dia, se hicieron presentes.<\/p>\n<p>El curso de gesti\u00f3n era una de las metas establecidas por el proyecto\u00a0Desarrollo y fortalecimiento de la cadena de valor del sector Maderero de Rivera, con \u00e9nfasis en la mejora de la productividad, de la competitividad y de la calidad del empleo, presentando por IDR al llamado a Proyectos para el Fomento de la Competitividad Territorial, dise\u00f1ado y ejecutado en forma conjunta entre el Programa Uruguay M\u00e1s Cerca de la Direcci\u00f3n de Descentralizaci\u00f3n e Inversi\u00f3n P\u00fablica de la Oficina de Planeamiento y Presupuesto y la Agencia Nacional de Desarrollo.<\/p>\n<p><a href=\"https:\/\/www.rivera.gub.uy\/medioambiente\/wp-content\/uploads\/2019\/05\/WhatsApp-Image-2019-05-20-at-22.07.41.jpeg\"><img loading=\"lazy\" decoding=\"async\" class=\"aligncenter size-large wp-image-1625\" src=\"https:\/\/www.rivera.gub.uy\/medioambiente\/wp-content\/uploads\/2019\/05\/WhatsApp-Image-2019-05-20-at-22.07.41-1024x768.jpeg\" alt=\"\" width=\"1024\" height=\"768\" srcset=\"https:\/\/www.rivera.gub.uy\/medioambiente\/wp-content\/uploads\/2019\/05\/WhatsApp-Image-2019-05-20-at-22.07.41-1024x768.jpeg 1024w, https:\/\/www.rivera.gub.uy\/medioambiente\/wp-content\/uploads\/2019\/05\/WhatsApp-Image-2019-05-20-at-22.07.41-300x225.jpeg 300w, https:\/\/www.rivera.gub.uy\/medioambiente\/wp-content\/uploads\/2019\/05\/WhatsApp-Image-2019-05-20-at-22.07.41-768x576.jpeg 768w, https:\/\/www.rivera.gub.uy\/medioambiente\/wp-content\/uploads\/2019\/05\/WhatsApp-Image-2019-05-20-at-22.07.41-820x615.jpeg 820w, https:\/\/www.rivera.gub.uy\/medioambiente\/wp-content\/uploads\/2019\/05\/WhatsApp-Image-2019-05-20-at-22.07.41.jpeg 1280w\" sizes=\"(max-width: 1024px) 100vw, 1024px\" \/><\/a> <a href=\"https:\/\/www.rivera.gub.uy\/medioambiente\/wp-content\/uploads\/2019\/05\/WhatsApp-Image-2019-05-20-at-22.07.52.jpeg\"><img loading=\"lazy\" decoding=\"async\" class=\"aligncenter size-large wp-image-1626\" src=\"https:\/\/www.rivera.gub.uy\/medioambiente\/wp-content\/uploads\/2019\/05\/WhatsApp-Image-2019-05-20-at-22.07.52-768x1024.jpeg\" alt=\"\" width=\"768\" height=\"1024\" srcset=\"https:\/\/www.rivera.gub.uy\/medioambiente\/wp-content\/uploads\/2019\/05\/WhatsApp-Image-2019-05-20-at-22.07.52-768x1024.jpeg 768w, https:\/\/www.rivera.gub.uy\/medioambiente\/wp-content\/uploads\/2019\/05\/WhatsApp-Image-2019-05-20-at-22.07.52-225x300.jpeg 225w, https:\/\/www.rivera.gub.uy\/medioambiente\/wp-content\/uploads\/2019\/05\/WhatsApp-Image-2019-05-20-at-22.07.52-820x1093.jpeg 820w, https:\/\/www.rivera.gub.uy\/medioambiente\/wp-content\/uploads\/2019\/05\/WhatsApp-Image-2019-05-20-at-22.07.52.jpeg 960w\" sizes=\"(max-width: 768px) 100vw, 768px\" \/><\/a> <a href=\"https:\/\/www.rivera.gub.uy\/medioambiente\/wp-content\/uploads\/2019\/05\/WhatsApp-Image-2019-05-20-at-22.08.00.jpeg\"><img loading=\"lazy\" decoding=\"async\" class=\"aligncenter size-large wp-image-1627\" src=\"https:\/\/www.rivera.gub.uy\/medioambiente\/wp-content\/uploads\/2019\/05\/WhatsApp-Image-2019-05-20-at-22.08.00-1024x768.jpeg\" alt=\"\" width=\"1024\" height=\"768\" srcset=\"https:\/\/www.rivera.gub.uy\/medioambiente\/wp-content\/uploads\/2019\/05\/WhatsApp-Image-2019-05-20-at-22.08.00-1024x768.jpeg 1024w, https:\/\/www.rivera.gub.uy\/medioambiente\/wp-content\/uploads\/2019\/05\/WhatsApp-Image-2019-05-20-at-22.08.00-300x225.jpeg 300w, https:\/\/www.rivera.gub.uy\/medioambiente\/wp-content\/uploads\/2019\/05\/WhatsApp-Image-2019-05-20-at-22.08.00-768x576.jpeg 768w, https:\/\/www.rivera.gub.uy\/medioambiente\/wp-content\/uploads\/2019\/05\/WhatsApp-Image-2019-05-20-at-22.08.00-820x615.jpeg 820w, https:\/\/www.rivera.gub.uy\/medioambiente\/wp-content\/uploads\/2019\/05\/WhatsApp-Image-2019-05-20-at-22.08.00.jpeg 1280w\" sizes=\"(max-width: 1024px) 100vw, 1024px\" \/><\/a><\/p>\n","protected":false},"excerpt":{"rendered":"<p>El pasado lunes, empresarios de micro y peque\u00f1os aserraderos de Rivera y Tranqueras participaron de la \u00faltima clase del Curso de Gesti\u00f3n Empresarial de Aserraderos. En la oportunidad se hizo la entrega de certificados a los participantes, que pese a la gran lluvia de ese dia, se hicieron presentes. El curso de gesti\u00f3n era una [&hellip;]<\/p>\n","protected":false},"author":2,"featured_media":1625,"comment_status":"open","ping_status":"open","sticky":false,"template":"","format":"standard","meta":{"footnotes":""},"categories":[1],"tags":[38,57,55],"_links":{"self":[{"href":"https:\/\/www.rivera.gub.uy\/medioambiente\/wp-json\/wp\/v2\/posts\/1624"}],"collection":[{"href":"https:\/\/www.rivera.gub.uy\/medioambiente\/wp-json\/wp\/v2\/posts"}],"about":[{"href":"https:\/\/www.rivera.gub.uy\/medioambiente\/wp-json\/wp\/v2\/types\/post"}],"author":[{"embeddable":true,"href":"https:\/\/www.rivera.gub.uy\/medioambiente\/wp-json\/wp\/v2\/users\/2"}],"replies":[{"embeddable":true,"href":"https:\/\/www.rivera.gub.uy\/medioambiente\/wp-json\/wp\/v2\/comments?post=1624"}],"version-history":[{"count":5,"href":"https:\/\/www.rivera.gub.uy\/medioambiente\/wp-json\/wp\/v2\/posts\/1624\/revisions"}],"predecessor-version":[{"id":1629,"href":"https:\/\/www.rivera.gub.uy\/medioambiente\/wp-json\/wp\/v2\/posts\/1624\/revisions\/1629"}],"wp:featuredmedia":[{"embeddable":true,"href":"https:\/\/www.rivera.gub.uy\/medioambiente\/wp-json\/wp\/v2\/media\/1625"}],"wp:attachment":[{"href":"https:\/\/www.rivera.gub.uy\/medioambiente\/wp-json\/wp\/v2\/media?parent=1624"}],"wp:term":[{"taxonomy":"category","embeddable":true,"href":"https:\/\/www.rivera.gub.uy\/medioambiente\/wp-json\/wp\/v2\/categories?post=1624"},{"taxonomy":"post_tag","embeddable":true,"href":"https:\/\/www.rivera.gub.uy\/medioambiente\/wp-json\/wp\/v2\/tags?post=1624"}],"curies":[{"name":"wp","href":"https:\/\/api.w.org\/{rel}","templated":true}]}}