{"id":1648,"date":"2019-06-10T15:15:04","date_gmt":"2019-06-10T15:15:04","guid":{"rendered":"https:\/\/www.rivera.gub.uy\/medioambiente\/?p=1648"},"modified":"2019-06-10T15:15:14","modified_gmt":"2019-06-10T15:15:14","slug":"se-viene-actitud-emprendedora-en-la-frontera-2019","status":"publish","type":"post","link":"https:\/\/www.rivera.gub.uy\/medioambiente\/se-viene-actitud-emprendedora-en-la-frontera-2019\/","title":{"rendered":"Se viene Actitud Emprendedora en la Frontera 2019"},"content":{"rendered":"<p>El exitoso ciclo se repite este a\u00f1o con renovadas expectativas<\/p>\n<p>Esta semana se lanz\u00f3 el Proyecto Actitud Emprendedora en la Frontera 2019, esta es la segunda edici\u00f3n en nuestra ciudad y se intenta sumar j\u00f3venes a esta idea innovadora. Actitud emprendedora en la frontera intenta estimular y fortalecer las habilidades emprendedoras de cada uno de los j\u00f3venes que participan. Su metodolog\u00eda es sumamente din\u00e1mica y se desarrolla en base a juegos y desaf\u00edos donde los j\u00f3venes se ven motivados a superar utilizando dichas habilidades. Dado el \u00e9xito del a\u00f1o anterior para la presente versi\u00f3n existen muchas expectativas. <!--more--><br \/>\nEl pasado viernes 07 de julio, se realiz\u00f3 la instancia de sensibilizaci\u00f3n de m\u00e1s de 150 j\u00f3venes estudiantes de UTU los cuales pasar\u00e1n por un proceso selectivo para llenar los 25 cupos que ofrece el proyecto en su versi\u00f3n 2019. Cabe recordar que las inscripciones para participar del proyecto cierran el d\u00eda 20 de junio y se realizan a trav\u00e9s de tel\u00e9fono: 4623 1900 interno 128. Desde el equipo del proyecto se agradece a la Direcci\u00f3n de la UTU quien desde el a\u00f1o 2018 viene apostando a esta iniciativa, la cual sin su apoyo no ser\u00eda posible realizar<\/p>\n<p>El proyecto cuenta con el apoyo financiero de Ande y es desarrollado por un conjunto de instituciones de Rivera y Livramento dentro de las que se destacan: UTEC, UTU, ADR (Agencia de Desarrollo de Rivera), UFSM (Universidade Federal de Santa Maria), AJE (Asociacao de Jovens Empresarios \/ Livramento), CCE (Centro de Competitividad Empresarial) y la IDR a trav\u00e9s de la Divisi\u00f3n Estrategias y Articulaciones Regionales de la Unidad de Desarrollo.<\/p>\n<p>Las actividades y novedades del proyecto se pueden seguir a trav\u00e9s de redes sociales como instagram o Facebook: cultura_emprendedora2019.<\/p>\n<div id='gallery-1' class='gallery galleryid-1648 gallery-columns-4 gallery-size-thumbnail'><figure class='gallery-item'>\n\t\t\t<div class='gallery-icon landscape'>\n\t\t\t\t<a href='https:\/\/www.rivera.gub.uy\/medioambiente\/wp-content\/uploads\/2019\/06\/sensibilizacion-en-UTU-070619-b.jpg'><img loading=\"lazy\" decoding=\"async\" width=\"150\" height=\"150\" src=\"https:\/\/www.rivera.gub.uy\/medioambiente\/wp-content\/uploads\/2019\/06\/sensibilizacion-en-UTU-070619-b-150x150.jpg\" class=\"attachment-thumbnail size-thumbnail\" alt=\"\" \/><\/a>\n\t\t\t<\/div><\/figure><figure class='gallery-item'>\n\t\t\t<div class='gallery-icon landscape'>\n\t\t\t\t<a href='https:\/\/www.rivera.gub.uy\/medioambiente\/wp-content\/uploads\/2019\/06\/sensibilizacion-en-UTU-070619.jpg'><img loading=\"lazy\" decoding=\"async\" width=\"150\" height=\"150\" src=\"https:\/\/www.rivera.gub.uy\/medioambiente\/wp-content\/uploads\/2019\/06\/sensibilizacion-en-UTU-070619-150x150.jpg\" class=\"attachment-thumbnail size-thumbnail\" alt=\"\" \/><\/a>\n\t\t\t<\/div><\/figure><figure class='gallery-item'>\n\t\t\t<div class='gallery-icon landscape'>\n\t\t\t\t<a href='https:\/\/www.rivera.gub.uy\/medioambiente\/wp-content\/uploads\/2019\/06\/sensibilizacion-en-UTU-070619c.jpg'><img loading=\"lazy\" decoding=\"async\" width=\"150\" height=\"150\" src=\"https:\/\/www.rivera.gub.uy\/medioambiente\/wp-content\/uploads\/2019\/06\/sensibilizacion-en-UTU-070619c-150x150.jpg\" class=\"attachment-thumbnail size-thumbnail\" alt=\"\" \/><\/a>\n\t\t\t<\/div><\/figure><figure class='gallery-item'>\n\t\t\t<div class='gallery-icon landscape'>\n\t\t\t\t<a href='https:\/\/www.rivera.gub.uy\/medioambiente\/wp-content\/uploads\/2019\/06\/sensibilizacion-en-UTU-070619d.jpg'><img loading=\"lazy\" decoding=\"async\" width=\"150\" height=\"150\" src=\"https:\/\/www.rivera.gub.uy\/medioambiente\/wp-content\/uploads\/2019\/06\/sensibilizacion-en-UTU-070619d-150x150.jpg\" class=\"attachment-thumbnail size-thumbnail\" alt=\"\" \/><\/a>\n\t\t\t<\/div><\/figure>\n\t\t<\/div>\n\n","protected":false},"excerpt":{"rendered":"<p>El exitoso ciclo se repite este a\u00f1o con renovadas expectativas Esta semana se lanz\u00f3 el Proyecto Actitud Emprendedora en la Frontera 2019, esta es la segunda edici\u00f3n en nuestra ciudad y se intenta sumar j\u00f3venes a esta idea innovadora. Actitud emprendedora en la frontera intenta estimular y fortalecer las habilidades emprendedoras de cada uno de [&hellip;]<\/p>\n","protected":false},"author":2,"featured_media":1650,"comment_status":"open","ping_status":"open","sticky":false,"template":"","format":"standard","meta":{"footnotes":""},"categories":[1],"tags":[93,57,120,16,17],"_links":{"self":[{"href":"https:\/\/www.rivera.gub.uy\/medioambiente\/wp-json\/wp\/v2\/posts\/1648"}],"collection":[{"href":"https:\/\/www.rivera.gub.uy\/medioambiente\/wp-json\/wp\/v2\/posts"}],"about":[{"href":"https:\/\/www.rivera.gub.uy\/medioambiente\/wp-json\/wp\/v2\/types\/post"}],"author":[{"embeddable":true,"href":"https:\/\/www.rivera.gub.uy\/medioambiente\/wp-json\/wp\/v2\/users\/2"}],"replies":[{"embeddable":true,"href":"https:\/\/www.rivera.gub.uy\/medioambiente\/wp-json\/wp\/v2\/comments?post=1648"}],"version-history":[{"count":1,"href":"https:\/\/www.rivera.gub.uy\/medioambiente\/wp-json\/wp\/v2\/posts\/1648\/revisions"}],"predecessor-version":[{"id":1653,"href":"https:\/\/www.rivera.gub.uy\/medioambiente\/wp-json\/wp\/v2\/posts\/1648\/revisions\/1653"}],"wp:featuredmedia":[{"embeddable":true,"href":"https:\/\/www.rivera.gub.uy\/medioambiente\/wp-json\/wp\/v2\/media\/1650"}],"wp:attachment":[{"href":"https:\/\/www.rivera.gub.uy\/medioambiente\/wp-json\/wp\/v2\/media?parent=1648"}],"wp:term":[{"taxonomy":"category","embeddable":true,"href":"https:\/\/www.rivera.gub.uy\/medioambiente\/wp-json\/wp\/v2\/categories?post=1648"},{"taxonomy":"post_tag","embeddable":true,"href":"https:\/\/www.rivera.gub.uy\/medioambiente\/wp-json\/wp\/v2\/tags?post=1648"}],"curies":[{"name":"wp","href":"https:\/\/api.w.org\/{rel}","templated":true}]}}