{"id":1668,"date":"2019-07-16T14:43:27","date_gmt":"2019-07-16T14:43:27","guid":{"rendered":"https:\/\/www.rivera.gub.uy\/medioambiente\/?p=1668"},"modified":"2019-07-19T14:46:46","modified_gmt":"2019-07-19T14:46:46","slug":"seminario-calidad-de-agua-en-los-servicios-de-alimentacion","status":"publish","type":"post","link":"https:\/\/www.rivera.gub.uy\/medioambiente\/seminario-calidad-de-agua-en-los-servicios-de-alimentacion\/","title":{"rendered":"Seminario: Calidad de Agua en los Servicios de Alimentaci\u00f3n"},"content":{"rendered":"<p>En el marco del 6to Festival de Enogastronom\u00eda, se realizar\u00e1 el \u00abSeminario: Calidad de Agua en los Servicios de Alimentaci\u00f3n\u00bb.<\/p>\n<p>El evento tendr\u00e1 lugar en instalaciones de IFSUL, el d\u00eda martes 23 de julio, a partir de las 8:30 horas, con entrada libre y gratuita.<!--more--><\/p>\n<p><a href=\"https:\/\/www.rivera.gub.uy\/medioambiente\/wp-content\/uploads\/2019\/07\/WhatsApp-Image-2019-07-16-at-9.17.21-AM.jpeg\"><img loading=\"lazy\" decoding=\"async\" class=\"aligncenter wp-image-1669 size-medium\" src=\"https:\/\/www.rivera.gub.uy\/medioambiente\/wp-content\/uploads\/2019\/07\/WhatsApp-Image-2019-07-16-at-9.17.21-AM-300x300.jpeg\" alt=\"\" width=\"300\" height=\"300\" srcset=\"https:\/\/www.rivera.gub.uy\/medioambiente\/wp-content\/uploads\/2019\/07\/WhatsApp-Image-2019-07-16-at-9.17.21-AM-300x300.jpeg 300w, https:\/\/www.rivera.gub.uy\/medioambiente\/wp-content\/uploads\/2019\/07\/WhatsApp-Image-2019-07-16-at-9.17.21-AM-150x150.jpeg 150w, https:\/\/www.rivera.gub.uy\/medioambiente\/wp-content\/uploads\/2019\/07\/WhatsApp-Image-2019-07-16-at-9.17.21-AM-768x768.jpeg 768w, https:\/\/www.rivera.gub.uy\/medioambiente\/wp-content\/uploads\/2019\/07\/WhatsApp-Image-2019-07-16-at-9.17.21-AM-1024x1024.jpeg 1024w, https:\/\/www.rivera.gub.uy\/medioambiente\/wp-content\/uploads\/2019\/07\/WhatsApp-Image-2019-07-16-at-9.17.21-AM-820x820.jpeg 820w, https:\/\/www.rivera.gub.uy\/medioambiente\/wp-content\/uploads\/2019\/07\/WhatsApp-Image-2019-07-16-at-9.17.21-AM.jpeg 1080w\" sizes=\"(max-width: 300px) 100vw, 300px\" \/><\/a><\/p>\n","protected":false},"excerpt":{"rendered":"<p>En el marco del 6to Festival de Enogastronom\u00eda, se realizar\u00e1 el \u00abSeminario: Calidad de Agua en los Servicios de Alimentaci\u00f3n\u00bb. El evento tendr\u00e1 lugar en instalaciones de IFSUL, el d\u00eda martes 23 de julio, a partir de las 8:30 horas, con entrada libre y gratuita.<\/p>\n","protected":false},"author":2,"featured_media":1669,"comment_status":"open","ping_status":"open","sticky":false,"template":"","format":"standard","meta":{"footnotes":""},"categories":[1],"tags":[123,79,16,17],"_links":{"self":[{"href":"https:\/\/www.rivera.gub.uy\/medioambiente\/wp-json\/wp\/v2\/posts\/1668"}],"collection":[{"href":"https:\/\/www.rivera.gub.uy\/medioambiente\/wp-json\/wp\/v2\/posts"}],"about":[{"href":"https:\/\/www.rivera.gub.uy\/medioambiente\/wp-json\/wp\/v2\/types\/post"}],"author":[{"embeddable":true,"href":"https:\/\/www.rivera.gub.uy\/medioambiente\/wp-json\/wp\/v2\/users\/2"}],"replies":[{"embeddable":true,"href":"https:\/\/www.rivera.gub.uy\/medioambiente\/wp-json\/wp\/v2\/comments?post=1668"}],"version-history":[{"count":1,"href":"https:\/\/www.rivera.gub.uy\/medioambiente\/wp-json\/wp\/v2\/posts\/1668\/revisions"}],"predecessor-version":[{"id":1670,"href":"https:\/\/www.rivera.gub.uy\/medioambiente\/wp-json\/wp\/v2\/posts\/1668\/revisions\/1670"}],"wp:featuredmedia":[{"embeddable":true,"href":"https:\/\/www.rivera.gub.uy\/medioambiente\/wp-json\/wp\/v2\/media\/1669"}],"wp:attachment":[{"href":"https:\/\/www.rivera.gub.uy\/medioambiente\/wp-json\/wp\/v2\/media?parent=1668"}],"wp:term":[{"taxonomy":"category","embeddable":true,"href":"https:\/\/www.rivera.gub.uy\/medioambiente\/wp-json\/wp\/v2\/categories?post=1668"},{"taxonomy":"post_tag","embeddable":true,"href":"https:\/\/www.rivera.gub.uy\/medioambiente\/wp-json\/wp\/v2\/tags?post=1668"}],"curies":[{"name":"wp","href":"https:\/\/api.w.org\/{rel}","templated":true}]}}