{"id":1693,"date":"2019-10-03T13:31:00","date_gmt":"2019-10-03T13:31:00","guid":{"rendered":"https:\/\/www.rivera.gub.uy\/medioambiente\/?p=1693"},"modified":"2019-10-03T13:38:49","modified_gmt":"2019-10-03T13:38:49","slug":"actitud-emprendedora-en-la-frontera-2019","status":"publish","type":"post","link":"https:\/\/www.rivera.gub.uy\/medioambiente\/actitud-emprendedora-en-la-frontera-2019\/","title":{"rendered":"Actitud emprendedora en la Frontera 2019"},"content":{"rendered":"<p>El pasado viernes 27 de setiembre, se realiz\u00f3 el cierre de la segunda etapa del proyecto Actitud emprendedora en la Frontera 2019.<br \/>\n<!--more--><br \/>\nEste proyecto es ejecutado por la Direcci\u00f3n General de Desarrollo y Medio Ambiente (IDR), la Universidad Tecnol\u00f3gica del Uruguay (UTEC) y Agencia de Desarrollo de Rivera, con fondos de la Agencia Nacional de Desarrollo.<\/p>\n<p>En esta etapa del proyecto, estudiantes de UTU pudieron conocer en detalle los procesos de producci\u00f3n, distribuci\u00f3n y comercializaci\u00f3n de dos plantas industriales en la ciudad de Rivera, espec\u00edficamente Aserradero Nortimber SRL y Bodega Cerro Chapeu. Adem\u00e1s, los estudiantes visitaron los distintos centros de reciclaje ubicados en el relleno sanitario de Paso del Enano.<\/p>\n<p>La finalidad de esta visita es identificar potenciales puntos de mejora en los proceso de producci\u00f3n por parte de los estudiantes quienes en los pr\u00f3ximos talleres trabajar\u00e1n en el prototipado para luego presentar a los empresarios soluciones a esos problemas.<\/p>\n<p>El proyecto Actitud emprendedora en la frontera quiere agradecer especialmente al empresario Gonzalo Casanovas (Nortimber SRL), Margarita Carrau y Dante Merladet (Bodega Cerro Chapeu) por su compromiso y entusiasmo en las recorridas realizadas.<\/p>\n<p>&nbsp;<\/p>\n<div id='gallery-1' class='gallery galleryid-1693 gallery-columns-3 gallery-size-thumbnail'><figure class='gallery-item'>\n\t\t\t<div class='gallery-icon landscape'>\n\t\t\t\t<a href='https:\/\/www.rivera.gub.uy\/medioambiente\/wp-content\/uploads\/2019\/10\/WhatsApp-Image-2019-09-16-at-21.22.51-1.jpeg'><img loading=\"lazy\" decoding=\"async\" width=\"150\" height=\"150\" src=\"https:\/\/www.rivera.gub.uy\/medioambiente\/wp-content\/uploads\/2019\/10\/WhatsApp-Image-2019-09-16-at-21.22.51-1-150x150.jpeg\" class=\"attachment-thumbnail size-thumbnail\" alt=\"\" \/><\/a>\n\t\t\t<\/div><\/figure><figure class='gallery-item'>\n\t\t\t<div class='gallery-icon landscape'>\n\t\t\t\t<a href='https:\/\/www.rivera.gub.uy\/medioambiente\/wp-content\/uploads\/2019\/10\/WhatsApp-Image-2019-09-22-at-21.54.27-1.jpeg'><img loading=\"lazy\" decoding=\"async\" width=\"150\" height=\"150\" src=\"https:\/\/www.rivera.gub.uy\/medioambiente\/wp-content\/uploads\/2019\/10\/WhatsApp-Image-2019-09-22-at-21.54.27-1-150x150.jpeg\" class=\"attachment-thumbnail size-thumbnail\" alt=\"\" \/><\/a>\n\t\t\t<\/div><\/figure><figure class='gallery-item'>\n\t\t\t<div class='gallery-icon landscape'>\n\t\t\t\t<a href='https:\/\/www.rivera.gub.uy\/medioambiente\/wp-content\/uploads\/2019\/10\/WhatsApp-Image-2019-09-22-at-21.54.28-1.jpeg'><img loading=\"lazy\" decoding=\"async\" width=\"150\" height=\"150\" src=\"https:\/\/www.rivera.gub.uy\/medioambiente\/wp-content\/uploads\/2019\/10\/WhatsApp-Image-2019-09-22-at-21.54.28-1-150x150.jpeg\" class=\"attachment-thumbnail size-thumbnail\" alt=\"\" \/><\/a>\n\t\t\t<\/div><\/figure><figure class='gallery-item'>\n\t\t\t<div class='gallery-icon landscape'>\n\t\t\t\t<a href='https:\/\/www.rivera.gub.uy\/medioambiente\/wp-content\/uploads\/2019\/10\/WhatsApp-Image-2019-09-27-at-19.40.31-1.jpeg'><img loading=\"lazy\" decoding=\"async\" width=\"150\" height=\"150\" src=\"https:\/\/www.rivera.gub.uy\/medioambiente\/wp-content\/uploads\/2019\/10\/WhatsApp-Image-2019-09-27-at-19.40.31-1-150x150.jpeg\" class=\"attachment-thumbnail size-thumbnail\" alt=\"\" \/><\/a>\n\t\t\t<\/div><\/figure><figure class='gallery-item'>\n\t\t\t<div class='gallery-icon landscape'>\n\t\t\t\t<a href='https:\/\/www.rivera.gub.uy\/medioambiente\/wp-content\/uploads\/2019\/10\/WhatsApp-Image-2019-09-27-at-19.40.34-1.jpeg'><img loading=\"lazy\" decoding=\"async\" width=\"150\" height=\"150\" src=\"https:\/\/www.rivera.gub.uy\/medioambiente\/wp-content\/uploads\/2019\/10\/WhatsApp-Image-2019-09-27-at-19.40.34-1-150x150.jpeg\" class=\"attachment-thumbnail size-thumbnail\" alt=\"\" \/><\/a>\n\t\t\t<\/div><\/figure><figure class='gallery-item'>\n\t\t\t<div class='gallery-icon landscape'>\n\t\t\t\t<a href='https:\/\/www.rivera.gub.uy\/medioambiente\/wp-content\/uploads\/2019\/10\/WhatsApp-Image-2019-09-27-at-19.40.35-1.jpeg'><img loading=\"lazy\" decoding=\"async\" width=\"150\" height=\"150\" src=\"https:\/\/www.rivera.gub.uy\/medioambiente\/wp-content\/uploads\/2019\/10\/WhatsApp-Image-2019-09-27-at-19.40.35-1-150x150.jpeg\" class=\"attachment-thumbnail size-thumbnail\" alt=\"\" \/><\/a>\n\t\t\t<\/div><\/figure>\n\t\t<\/div>\n\n","protected":false},"excerpt":{"rendered":"<p>El pasado viernes 27 de setiembre, se realiz\u00f3 el cierre de la segunda etapa del proyecto Actitud emprendedora en la Frontera 2019.<\/p>\n","protected":false},"author":2,"featured_media":1694,"comment_status":"open","ping_status":"open","sticky":false,"template":"","format":"standard","meta":{"footnotes":""},"categories":[1],"tags":[93,20,16,21,17],"_links":{"self":[{"href":"https:\/\/www.rivera.gub.uy\/medioambiente\/wp-json\/wp\/v2\/posts\/1693"}],"collection":[{"href":"https:\/\/www.rivera.gub.uy\/medioambiente\/wp-json\/wp\/v2\/posts"}],"about":[{"href":"https:\/\/www.rivera.gub.uy\/medioambiente\/wp-json\/wp\/v2\/types\/post"}],"author":[{"embeddable":true,"href":"https:\/\/www.rivera.gub.uy\/medioambiente\/wp-json\/wp\/v2\/users\/2"}],"replies":[{"embeddable":true,"href":"https:\/\/www.rivera.gub.uy\/medioambiente\/wp-json\/wp\/v2\/comments?post=1693"}],"version-history":[{"count":3,"href":"https:\/\/www.rivera.gub.uy\/medioambiente\/wp-json\/wp\/v2\/posts\/1693\/revisions"}],"predecessor-version":[{"id":1702,"href":"https:\/\/www.rivera.gub.uy\/medioambiente\/wp-json\/wp\/v2\/posts\/1693\/revisions\/1702"}],"wp:featuredmedia":[{"embeddable":true,"href":"https:\/\/www.rivera.gub.uy\/medioambiente\/wp-json\/wp\/v2\/media\/1694"}],"wp:attachment":[{"href":"https:\/\/www.rivera.gub.uy\/medioambiente\/wp-json\/wp\/v2\/media?parent=1693"}],"wp:term":[{"taxonomy":"category","embeddable":true,"href":"https:\/\/www.rivera.gub.uy\/medioambiente\/wp-json\/wp\/v2\/categories?post=1693"},{"taxonomy":"post_tag","embeddable":true,"href":"https:\/\/www.rivera.gub.uy\/medioambiente\/wp-json\/wp\/v2\/tags?post=1693"}],"curies":[{"name":"wp","href":"https:\/\/api.w.org\/{rel}","templated":true}]}}