{"id":1705,"date":"2019-10-17T16:34:03","date_gmt":"2019-10-17T16:34:03","guid":{"rendered":"https:\/\/www.rivera.gub.uy\/medioambiente\/?p=1705"},"modified":"2019-11-05T16:36:43","modified_gmt":"2019-11-05T16:36:43","slug":"participacion-de-redema-en-feria-de-la-construccion","status":"publish","type":"post","link":"https:\/\/www.rivera.gub.uy\/medioambiente\/participacion-de-redema-en-feria-de-la-construccion\/","title":{"rendered":"Participaci\u00f3n de Redema en Feria de la Construcci\u00f3n"},"content":{"rendered":"<p><img loading=\"lazy\" decoding=\"async\" class=\"alignleft\" src=\"https:\/\/scontent.fmvd3-1.fna.fbcdn.net\/v\/t1.0-9\/72373132_531573364288666_6384390313372286976_n.jpg?_nc_cat=100&amp;_nc_oc=AQlYMSLTToSUN8H6jpGGKrskOmVSQKosJEeEbjwlLrUAQFFCSnqM77VLlT2TCe0cHQA&amp;_nc_pt=1&amp;_nc_ht=scontent.fmvd3-1.fna&amp;oh=9f03f53905101d926839f53840acdd15&amp;oe=5E5F3A56\" width=\"390\" height=\"219\" \/><\/p>\n<p>&nbsp;<\/p>\n<p>&nbsp;<\/p>\n<p>&nbsp;<\/p>\n<p>&nbsp;<\/p>\n<p>&nbsp;<\/p>\n<p>&nbsp;<\/p>\n<p>&nbsp;<\/p>\n<p>Los empresarios que participan del proyecto Desarrollo y Fortalecimiento del Sector Maderero de Rivera, a partir del cual se crea REDEMA, evaluaronn como muy positiva la participaci\u00f3n del grupo en la Feria de la Construcci\u00f3n en Montevideo.<\/p>\n<p>Fue una instancia de experimentaci\u00f3n, networking y b\u00fasqueda de nuevos mercados muy importante para los participantes.<\/p>\n<p>Se realizaron contactos con grandes barracas de Montevideo, Maldonado y Rocha y se espera que a corto plazo se concreticen negocios para dichos aserreados.<\/p>\n<p>&nbsp;<\/p>\n<p><img loading=\"lazy\" decoding=\"async\" class=\"alignnone \" src=\"https:\/\/scontent.fmvd3-1.fna.fbcdn.net\/v\/t1.0-9\/72217907_532478300864839_8213861096579137536_n.jpg?_nc_cat=104&amp;_nc_oc=AQkf5dy668CLcTDSx9d9MzFmEfxXY_mzTKu0PUM8l_7cGe2-AghVQR6iYsHAbsdE-3E&amp;_nc_pt=1&amp;_nc_ht=scontent.fmvd3-1.fna&amp;oh=4be0b798add838155fd5156f1906addc&amp;oe=5E641699\" width=\"404\" height=\"303\" \/><\/p>\n<p><img loading=\"lazy\" decoding=\"async\" class=\"alignnone \" src=\"https:\/\/scontent.fmvd3-1.fna.fbcdn.net\/v\/t1.0-9\/71839573_531209010991768_276638031786541056_n.jpg?_nc_cat=103&amp;_nc_oc=AQnj0xRTRw0jVog2e9jM7e3QRwuDfjgtvZGTR-mtjsttAZaTsEve03nPqd6XVi6YPDA&amp;_nc_pt=1&amp;_nc_ht=scontent.fmvd3-1.fna&amp;oh=3c21a44d04e12de726c14f5d43528d84&amp;oe=5E6323E3\" width=\"334\" height=\"332\" \/><\/p>\n<p><img loading=\"lazy\" decoding=\"async\" class=\"aligncenter\" src=\"https:\/\/scontent.fmvd3-1.fna.fbcdn.net\/v\/t1.0-9\/72275769_532478254198177_6741082687265570816_n.jpg?_nc_cat=101&amp;_nc_oc=AQkEuLi6ACTH1oDxwTxOIlHo6RULHfo0_7LuMICmiDGmcKCRjmnC7bxLl6_ioHYcfM4&amp;_nc_pt=1&amp;_nc_ht=scontent.fmvd3-1.fna&amp;oh=e70b9eb812146b755368c14ea2d35063&amp;oe=5E5D2E6C\" width=\"570\" height=\"428\" \/><\/p>\n<p>&nbsp;<\/p>\n<p>&nbsp;<\/p>\n","protected":false},"excerpt":{"rendered":"<p>&nbsp; &nbsp; &nbsp; &nbsp; &nbsp; &nbsp; &nbsp; Los empresarios que participan del proyecto Desarrollo y Fortalecimiento del Sector Maderero de Rivera, a partir del cual se crea REDEMA, evaluaronn como muy positiva la participaci\u00f3n del grupo en la Feria de la Construcci\u00f3n en Montevideo. Fue una instancia de experimentaci\u00f3n, networking y b\u00fasqueda de nuevos mercados [&hellip;]<\/p>\n","protected":false},"author":2,"featured_media":0,"comment_status":"open","ping_status":"open","sticky":false,"template":"","format":"standard","meta":{"footnotes":""},"categories":[1],"tags":[],"_links":{"self":[{"href":"https:\/\/www.rivera.gub.uy\/medioambiente\/wp-json\/wp\/v2\/posts\/1705"}],"collection":[{"href":"https:\/\/www.rivera.gub.uy\/medioambiente\/wp-json\/wp\/v2\/posts"}],"about":[{"href":"https:\/\/www.rivera.gub.uy\/medioambiente\/wp-json\/wp\/v2\/types\/post"}],"author":[{"embeddable":true,"href":"https:\/\/www.rivera.gub.uy\/medioambiente\/wp-json\/wp\/v2\/users\/2"}],"replies":[{"embeddable":true,"href":"https:\/\/www.rivera.gub.uy\/medioambiente\/wp-json\/wp\/v2\/comments?post=1705"}],"version-history":[{"count":1,"href":"https:\/\/www.rivera.gub.uy\/medioambiente\/wp-json\/wp\/v2\/posts\/1705\/revisions"}],"predecessor-version":[{"id":1739,"href":"https:\/\/www.rivera.gub.uy\/medioambiente\/wp-json\/wp\/v2\/posts\/1705\/revisions\/1739"}],"wp:attachment":[{"href":"https:\/\/www.rivera.gub.uy\/medioambiente\/wp-json\/wp\/v2\/media?parent=1705"}],"wp:term":[{"taxonomy":"category","embeddable":true,"href":"https:\/\/www.rivera.gub.uy\/medioambiente\/wp-json\/wp\/v2\/categories?post=1705"},{"taxonomy":"post_tag","embeddable":true,"href":"https:\/\/www.rivera.gub.uy\/medioambiente\/wp-json\/wp\/v2\/tags?post=1705"}],"curies":[{"name":"wp","href":"https:\/\/api.w.org\/{rel}","templated":true}]}}