{"id":1740,"date":"2019-11-05T16:39:53","date_gmt":"2019-11-05T16:39:53","guid":{"rendered":"https:\/\/www.rivera.gub.uy\/medioambiente\/?p=1740"},"modified":"2019-11-05T16:39:53","modified_gmt":"2019-11-05T16:39:53","slug":"aserraderos-de-redema-en-camino-a-la-asociatividad","status":"publish","type":"post","link":"https:\/\/www.rivera.gub.uy\/medioambiente\/aserraderos-de-redema-en-camino-a-la-asociatividad\/","title":{"rendered":"Aserraderos de REDEMA en camino a la asociatividad"},"content":{"rendered":"<p>El pr\u00f3ximo jueves 7 de noviembre se realiza el \u00faltimo taller de formaci\u00f3n de redes con referentes de Universiad Claeh.<\/p>\n<p>El encuentro tendr\u00e1 lugar en la Sala de Capacitaciones de IDR y contar\u00e1 con la presencia de Enrique Gallicchio e Ioanna Grotius, docentes de CLAEH .<\/p>\n<p>&nbsp;<\/p>\n","protected":false},"excerpt":{"rendered":"<p>El pr\u00f3ximo jueves 7 de noviembre se realiza el \u00faltimo taller de formaci\u00f3n de redes con referentes de Universiad Claeh. El encuentro tendr\u00e1 lugar en la Sala de Capacitaciones de IDR y contar\u00e1 con la presencia de Enrique Gallicchio e Ioanna Grotius, docentes de CLAEH . &nbsp;<\/p>\n","protected":false},"author":2,"featured_media":1741,"comment_status":"open","ping_status":"open","sticky":false,"template":"","format":"standard","meta":{"footnotes":""},"categories":[1],"tags":[55],"_links":{"self":[{"href":"https:\/\/www.rivera.gub.uy\/medioambiente\/wp-json\/wp\/v2\/posts\/1740"}],"collection":[{"href":"https:\/\/www.rivera.gub.uy\/medioambiente\/wp-json\/wp\/v2\/posts"}],"about":[{"href":"https:\/\/www.rivera.gub.uy\/medioambiente\/wp-json\/wp\/v2\/types\/post"}],"author":[{"embeddable":true,"href":"https:\/\/www.rivera.gub.uy\/medioambiente\/wp-json\/wp\/v2\/users\/2"}],"replies":[{"embeddable":true,"href":"https:\/\/www.rivera.gub.uy\/medioambiente\/wp-json\/wp\/v2\/comments?post=1740"}],"version-history":[{"count":1,"href":"https:\/\/www.rivera.gub.uy\/medioambiente\/wp-json\/wp\/v2\/posts\/1740\/revisions"}],"predecessor-version":[{"id":1742,"href":"https:\/\/www.rivera.gub.uy\/medioambiente\/wp-json\/wp\/v2\/posts\/1740\/revisions\/1742"}],"wp:featuredmedia":[{"embeddable":true,"href":"https:\/\/www.rivera.gub.uy\/medioambiente\/wp-json\/wp\/v2\/media\/1741"}],"wp:attachment":[{"href":"https:\/\/www.rivera.gub.uy\/medioambiente\/wp-json\/wp\/v2\/media?parent=1740"}],"wp:term":[{"taxonomy":"category","embeddable":true,"href":"https:\/\/www.rivera.gub.uy\/medioambiente\/wp-json\/wp\/v2\/categories?post=1740"},{"taxonomy":"post_tag","embeddable":true,"href":"https:\/\/www.rivera.gub.uy\/medioambiente\/wp-json\/wp\/v2\/tags?post=1740"}],"curies":[{"name":"wp","href":"https:\/\/api.w.org\/{rel}","templated":true}]}}