{"id":1745,"date":"2019-11-18T13:08:03","date_gmt":"2019-11-18T13:08:03","guid":{"rendered":"https:\/\/www.rivera.gub.uy\/medioambiente\/?p=1745"},"modified":"2019-11-18T13:08:15","modified_gmt":"2019-11-18T13:08:15","slug":"cultura-emprendedora-2019-llega-a-su-final-con-un-balance-muy-positivo","status":"publish","type":"post","link":"https:\/\/www.rivera.gub.uy\/medioambiente\/cultura-emprendedora-2019-llega-a-su-final-con-un-balance-muy-positivo\/","title":{"rendered":"Cultura emprendedora 2019 llega a su final con un balance muy positivo"},"content":{"rendered":"<p>Este pasado s\u00e1bado 16 de noviembre, la Divisi\u00f3n Estrategias de la Unidad de Desarrollo (IDR) realiz\u00f3 el cierre del proyecto \u201cActitud emprendedora en la frontera 2019\u201d; el proyecto financiado por ANDE lleg\u00f3 al final de su segunda edici\u00f3n con una verdadera fiesta, demostrando que con una juventud estimulada e incentivada se pueden construir cosas muy buenas.<!--more--><br \/>\nEn un pa\u00eds donde uno de cada cuatro j\u00f3venes no logra insertarse en el mercado laboral el incentivo de una actitud emprendedora para salir adelante por sus propios medios es fundamental. Y en ello estamos trabajando junto a socios como la UTEC, UTU, ADR.<\/p>\n<p>Es de destacar el trabajo del equipo de estrategia liderado por Enrique Puentes, Felipe Rodrigues, Gonzalo Far\u00edas y Katerin Araujo quienes junto a un grupo de estudiantes hicieron posible esta jornada con un profesionalismo pocas veces visto.<\/p>\n<p>Lo que se viene ahora es un desaf\u00edo a\u00fan mayor: vincular y sumar a esta propuesta a los docentes de nuestro departamento para que conozcan esta nueva forma de trabajar y formar a j\u00f3venes. As\u00ed estaremos el pr\u00f3ximo a\u00f1o, postulaci\u00f3n mediante, reeditando este proyecto en su tercera etapa.<\/p>\n<div id='gallery-1' class='gallery galleryid-1745 gallery-columns-4 gallery-size-thumbnail'><figure class='gallery-item'>\n\t\t\t<div class='gallery-icon portrait'>\n\t\t\t\t<a href='https:\/\/www.rivera.gub.uy\/medioambiente\/wp-content\/uploads\/2019\/11\/WhatsApp-Image-2019-11-18-at-09.52.18.jpeg'><img loading=\"lazy\" decoding=\"async\" width=\"150\" height=\"150\" src=\"https:\/\/www.rivera.gub.uy\/medioambiente\/wp-content\/uploads\/2019\/11\/WhatsApp-Image-2019-11-18-at-09.52.18-150x150.jpeg\" class=\"attachment-thumbnail size-thumbnail\" alt=\"\" \/><\/a>\n\t\t\t<\/div><\/figure><figure class='gallery-item'>\n\t\t\t<div class='gallery-icon portrait'>\n\t\t\t\t<a href='https:\/\/www.rivera.gub.uy\/medioambiente\/wp-content\/uploads\/2019\/11\/WhatsApp-Image-2019-11-18-at-09.20.42.jpeg'><img loading=\"lazy\" decoding=\"async\" width=\"150\" height=\"150\" src=\"https:\/\/www.rivera.gub.uy\/medioambiente\/wp-content\/uploads\/2019\/11\/WhatsApp-Image-2019-11-18-at-09.20.42-150x150.jpeg\" class=\"attachment-thumbnail size-thumbnail\" alt=\"\" \/><\/a>\n\t\t\t<\/div><\/figure><figure class='gallery-item'>\n\t\t\t<div class='gallery-icon portrait'>\n\t\t\t\t<a href='https:\/\/www.rivera.gub.uy\/medioambiente\/wp-content\/uploads\/2019\/11\/WhatsApp-Image-2019-11-18-at-09.52.20.jpeg'><img loading=\"lazy\" decoding=\"async\" width=\"150\" height=\"150\" src=\"https:\/\/www.rivera.gub.uy\/medioambiente\/wp-content\/uploads\/2019\/11\/WhatsApp-Image-2019-11-18-at-09.52.20-150x150.jpeg\" class=\"attachment-thumbnail size-thumbnail\" alt=\"\" \/><\/a>\n\t\t\t<\/div><\/figure><figure class='gallery-item'>\n\t\t\t<div class='gallery-icon landscape'>\n\t\t\t\t<a href='https:\/\/www.rivera.gub.uy\/medioambiente\/wp-content\/uploads\/2019\/11\/WhatsApp-Image-2019-11-18-at-09.28.41.jpeg'><img loading=\"lazy\" decoding=\"async\" width=\"150\" height=\"150\" src=\"https:\/\/www.rivera.gub.uy\/medioambiente\/wp-content\/uploads\/2019\/11\/WhatsApp-Image-2019-11-18-at-09.28.41-150x150.jpeg\" class=\"attachment-thumbnail size-thumbnail\" alt=\"\" \/><\/a>\n\t\t\t<\/div><\/figure>\n\t\t<\/div>\n\n","protected":false},"excerpt":{"rendered":"<p>Este pasado s\u00e1bado 16 de noviembre, la Divisi\u00f3n Estrategias de la Unidad de Desarrollo (IDR) realiz\u00f3 el cierre del proyecto \u201cActitud emprendedora en la frontera 2019\u201d; el proyecto financiado por ANDE lleg\u00f3 al final de su segunda edici\u00f3n con una verdadera fiesta, demostrando que con una juventud estimulada e incentivada se pueden construir cosas muy [&hellip;]<\/p>\n","protected":false},"author":2,"featured_media":1747,"comment_status":"open","ping_status":"open","sticky":false,"template":"","format":"standard","meta":{"footnotes":""},"categories":[1],"tags":[],"_links":{"self":[{"href":"https:\/\/www.rivera.gub.uy\/medioambiente\/wp-json\/wp\/v2\/posts\/1745"}],"collection":[{"href":"https:\/\/www.rivera.gub.uy\/medioambiente\/wp-json\/wp\/v2\/posts"}],"about":[{"href":"https:\/\/www.rivera.gub.uy\/medioambiente\/wp-json\/wp\/v2\/types\/post"}],"author":[{"embeddable":true,"href":"https:\/\/www.rivera.gub.uy\/medioambiente\/wp-json\/wp\/v2\/users\/2"}],"replies":[{"embeddable":true,"href":"https:\/\/www.rivera.gub.uy\/medioambiente\/wp-json\/wp\/v2\/comments?post=1745"}],"version-history":[{"count":1,"href":"https:\/\/www.rivera.gub.uy\/medioambiente\/wp-json\/wp\/v2\/posts\/1745\/revisions"}],"predecessor-version":[{"id":1750,"href":"https:\/\/www.rivera.gub.uy\/medioambiente\/wp-json\/wp\/v2\/posts\/1745\/revisions\/1750"}],"wp:featuredmedia":[{"embeddable":true,"href":"https:\/\/www.rivera.gub.uy\/medioambiente\/wp-json\/wp\/v2\/media\/1747"}],"wp:attachment":[{"href":"https:\/\/www.rivera.gub.uy\/medioambiente\/wp-json\/wp\/v2\/media?parent=1745"}],"wp:term":[{"taxonomy":"category","embeddable":true,"href":"https:\/\/www.rivera.gub.uy\/medioambiente\/wp-json\/wp\/v2\/categories?post=1745"},{"taxonomy":"post_tag","embeddable":true,"href":"https:\/\/www.rivera.gub.uy\/medioambiente\/wp-json\/wp\/v2\/tags?post=1745"}],"curies":[{"name":"wp","href":"https:\/\/api.w.org\/{rel}","templated":true}]}}