{"id":1759,"date":"2019-12-16T15:40:14","date_gmt":"2019-12-16T15:40:14","guid":{"rendered":"https:\/\/www.rivera.gub.uy\/medioambiente\/?p=1759"},"modified":"2019-12-17T16:55:35","modified_gmt":"2019-12-17T16:55:35","slug":"lanzamiento-asociacion-de-empresarios-de-la-madera-y-afines-adema","status":"publish","type":"post","link":"https:\/\/www.rivera.gub.uy\/medioambiente\/lanzamiento-asociacion-de-empresarios-de-la-madera-y-afines-adema\/","title":{"rendered":"LANZAMIENTO ASOCIACI\u00d3N DE EMPRESARIOS DE LA MADERA Y AFINES (ADEMA)"},"content":{"rendered":"<p>El proximo mi\u00e9rcoles 18 de diciembre, a las 10 horas,\u00a0 se realizar\u00e1 la Conferencia de Prensa y acto de constituci\u00f3n de la <b>ASOCIACI\u00d3N DE EMPRESARIOS DE LA MADERA Y AFINES (ADEMA). <\/b><\/p>\n<p>Dicha Asociaci\u00f3n ser\u00e1 formalizada ese mismo dia y es uno de los resultados del proyecto Desarrollo y fortalecimiento de la cadena de valor del sector Maderero de Rivera, con \u00e9nfasis en la mejora de la productividad, de la competitividad y de la calidad del empleo (REDEMA).<\/p>\n<div><b>ADEMA <\/b>estar\u00e1 conformada por micro y peque\u00f1os aserraderos, carpinter\u00edas, empresas de servicios de cosecha, empresas de producci\u00f3n de puntales e impregnaci\u00f3n del departamento de Rivera.<\/div>\n<div><\/div>\n<p><a href=\"https:\/\/www.rivera.gub.uy\/medioambiente\/wp-content\/uploads\/2019\/12\/adema-invitaci\u00f3n.png\"><img loading=\"lazy\" decoding=\"async\" class=\"aligncenter size-medium wp-image-1764\" src=\"https:\/\/www.rivera.gub.uy\/medioambiente\/wp-content\/uploads\/2019\/12\/adema-invitaci\u00f3n-300x233.png\" alt=\"\" width=\"300\" height=\"233\" srcset=\"https:\/\/www.rivera.gub.uy\/medioambiente\/wp-content\/uploads\/2019\/12\/adema-invitaci\u00f3n-300x233.png 300w, https:\/\/www.rivera.gub.uy\/medioambiente\/wp-content\/uploads\/2019\/12\/adema-invitaci\u00f3n-768x596.png 768w, https:\/\/www.rivera.gub.uy\/medioambiente\/wp-content\/uploads\/2019\/12\/adema-invitaci\u00f3n.png 800w\" sizes=\"(max-width: 300px) 100vw, 300px\" \/><\/a><\/p>\n<div>\n<div><\/div>\n<\/div>\n","protected":false},"excerpt":{"rendered":"<p>El proximo mi\u00e9rcoles 18 de diciembre, a las 10 horas,\u00a0 se realizar\u00e1 la Conferencia de Prensa y acto de constituci\u00f3n de la ASOCIACI\u00d3N DE EMPRESARIOS DE LA MADERA Y AFINES (ADEMA). Dicha Asociaci\u00f3n ser\u00e1 formalizada ese mismo dia y es uno de los resultados del proyecto Desarrollo y fortalecimiento de la cadena de valor del [&hellip;]<\/p>\n","protected":false},"author":2,"featured_media":1760,"comment_status":"open","ping_status":"open","sticky":false,"template":"","format":"standard","meta":{"footnotes":""},"categories":[1],"tags":[57,55],"_links":{"self":[{"href":"https:\/\/www.rivera.gub.uy\/medioambiente\/wp-json\/wp\/v2\/posts\/1759"}],"collection":[{"href":"https:\/\/www.rivera.gub.uy\/medioambiente\/wp-json\/wp\/v2\/posts"}],"about":[{"href":"https:\/\/www.rivera.gub.uy\/medioambiente\/wp-json\/wp\/v2\/types\/post"}],"author":[{"embeddable":true,"href":"https:\/\/www.rivera.gub.uy\/medioambiente\/wp-json\/wp\/v2\/users\/2"}],"replies":[{"embeddable":true,"href":"https:\/\/www.rivera.gub.uy\/medioambiente\/wp-json\/wp\/v2\/comments?post=1759"}],"version-history":[{"count":4,"href":"https:\/\/www.rivera.gub.uy\/medioambiente\/wp-json\/wp\/v2\/posts\/1759\/revisions"}],"predecessor-version":[{"id":1766,"href":"https:\/\/www.rivera.gub.uy\/medioambiente\/wp-json\/wp\/v2\/posts\/1759\/revisions\/1766"}],"wp:featuredmedia":[{"embeddable":true,"href":"https:\/\/www.rivera.gub.uy\/medioambiente\/wp-json\/wp\/v2\/media\/1760"}],"wp:attachment":[{"href":"https:\/\/www.rivera.gub.uy\/medioambiente\/wp-json\/wp\/v2\/media?parent=1759"}],"wp:term":[{"taxonomy":"category","embeddable":true,"href":"https:\/\/www.rivera.gub.uy\/medioambiente\/wp-json\/wp\/v2\/categories?post=1759"},{"taxonomy":"post_tag","embeddable":true,"href":"https:\/\/www.rivera.gub.uy\/medioambiente\/wp-json\/wp\/v2\/tags?post=1759"}],"curies":[{"name":"wp","href":"https:\/\/api.w.org\/{rel}","templated":true}]}}