{"id":1767,"date":"2019-12-18T17:47:40","date_gmt":"2019-12-18T17:47:40","guid":{"rendered":"https:\/\/www.rivera.gub.uy\/medioambiente\/?p=1767"},"modified":"2019-12-18T17:47:51","modified_gmt":"2019-12-18T17:47:51","slug":"el-proyecto-negocios-inclusivos-culmina-con-exito-el-curso-de-marketing-para-emprendedores-de-la-frontera","status":"publish","type":"post","link":"https:\/\/www.rivera.gub.uy\/medioambiente\/el-proyecto-negocios-inclusivos-culmina-con-exito-el-curso-de-marketing-para-emprendedores-de-la-frontera\/","title":{"rendered":"El proyecto Negocios Inclusivos culmina con \u00e9xito el curso de Marketing para emprendedores de la frontera"},"content":{"rendered":"<p>El curso concluy\u00f3 con la formaci\u00f3n de m\u00e1s de 15 emprendedores, la mayor\u00eda de ellos modistas de nuestra ciudad, las cuales pertenecen al proyecto \u201cNegocios Inclusivos\u201d.<\/p>\n<p>Este proyecto es ejecutado por la Unidad de Desarrollo (IDR), en conjunto con FUNDASOL, y cuenta con el apoyo financiero de la Agencia Nacional de Desarrollo (ANDE). El mismo apunta a desarrollar empresarial y socialmente a grupos de microempresarios de Rivera.<!--more--><\/p>\n<p>En este curso de \u00abMarketing para emprendedores de la frontera\u00bb, dictado por el T\u00e9c. Sergio Eredia (FUNDASOL), participaron grupos como \u201cEscala Moda\u201d, constituido hace m\u00e1s de un a\u00f1o por modistas del Departamento de Rivera.<\/p>\n<p>\u00abEscala Moda\u00bb viene produciendo vestimenta tanto para entidades p\u00fablicas como tambi\u00e9n privadas y si bien ha generado instancias de promoci\u00f3n, como la participaci\u00f3n en ferias nacionales y la creaci\u00f3n de una p\u00e1gina en redes sociales, era imprescindible que estas modistas pudieran contar con formaci\u00f3n en el \u00e1rea de marketing, ventas y comercializaci\u00f3n.<\/p>\n<p>As\u00ed el curso, que ha culminado el pasado lunes 16 de diciembre, representa una herramienta clave para que estas emprendedoras puedan aumentar su nivel de ventas.<\/p>\n<p>Es de destacar el trabajo conjunto realizado por los equipos de las Divisiones Estrategias (Enrique Puentes, Gonzalo Far\u00edas y Felipe Rodr\u00edgues) y Desarrollo Rural (Susana Santana), que hicieron posible la realizaci\u00f3n de este curso.<\/p>\n","protected":false},"excerpt":{"rendered":"<p>El curso concluy\u00f3 con la formaci\u00f3n de m\u00e1s de 15 emprendedores, la mayor\u00eda de ellos modistas de nuestra ciudad, las cuales pertenecen al proyecto \u201cNegocios Inclusivos\u201d. Este proyecto es ejecutado por la Unidad de Desarrollo (IDR), en conjunto con FUNDASOL, y cuenta con el apoyo financiero de la Agencia Nacional de Desarrollo (ANDE). El mismo [&hellip;]<\/p>\n","protected":false},"author":2,"featured_media":1768,"comment_status":"open","ping_status":"open","sticky":false,"template":"","format":"standard","meta":{"footnotes":""},"categories":[1],"tags":[],"_links":{"self":[{"href":"https:\/\/www.rivera.gub.uy\/medioambiente\/wp-json\/wp\/v2\/posts\/1767"}],"collection":[{"href":"https:\/\/www.rivera.gub.uy\/medioambiente\/wp-json\/wp\/v2\/posts"}],"about":[{"href":"https:\/\/www.rivera.gub.uy\/medioambiente\/wp-json\/wp\/v2\/types\/post"}],"author":[{"embeddable":true,"href":"https:\/\/www.rivera.gub.uy\/medioambiente\/wp-json\/wp\/v2\/users\/2"}],"replies":[{"embeddable":true,"href":"https:\/\/www.rivera.gub.uy\/medioambiente\/wp-json\/wp\/v2\/comments?post=1767"}],"version-history":[{"count":1,"href":"https:\/\/www.rivera.gub.uy\/medioambiente\/wp-json\/wp\/v2\/posts\/1767\/revisions"}],"predecessor-version":[{"id":1769,"href":"https:\/\/www.rivera.gub.uy\/medioambiente\/wp-json\/wp\/v2\/posts\/1767\/revisions\/1769"}],"wp:featuredmedia":[{"embeddable":true,"href":"https:\/\/www.rivera.gub.uy\/medioambiente\/wp-json\/wp\/v2\/media\/1768"}],"wp:attachment":[{"href":"https:\/\/www.rivera.gub.uy\/medioambiente\/wp-json\/wp\/v2\/media?parent=1767"}],"wp:term":[{"taxonomy":"category","embeddable":true,"href":"https:\/\/www.rivera.gub.uy\/medioambiente\/wp-json\/wp\/v2\/categories?post=1767"},{"taxonomy":"post_tag","embeddable":true,"href":"https:\/\/www.rivera.gub.uy\/medioambiente\/wp-json\/wp\/v2\/tags?post=1767"}],"curies":[{"name":"wp","href":"https:\/\/api.w.org\/{rel}","templated":true}]}}