{"id":1906,"date":"2020-02-07T18:09:56","date_gmt":"2020-02-07T18:09:56","guid":{"rendered":"https:\/\/www.rivera.gub.uy\/medioambiente\/?p=1906"},"modified":"2020-02-07T18:09:56","modified_gmt":"2020-02-07T18:09:56","slug":"talleres-de-orientacion-educativo-laboral","status":"publish","type":"post","link":"https:\/\/www.rivera.gub.uy\/medioambiente\/talleres-de-orientacion-educativo-laboral\/","title":{"rendered":"Talleres de Orientaci\u00f3n Educativo Laboral"},"content":{"rendered":"<p>En el mes de marzo, INEFOP brindar\u00e1 talleres de orientaci\u00f3n educativo laboral a cargo de t\u00e9cnicos orientadores.<\/p>\n<p>Las inscripciones se realizan en la oficina\u00a0 CEPE (centro p\u00fablico de empleo), ubicada en primer piso de la Intendencia Departamental de Rivera (Agraciada 570), de lunes a viernes de 9 a 15 horas.<\/p>\n<p>Por consultas, en oficina de INEFOP, Florencio S\u00e1nchez 1162.<\/p>\n<p>Requisito: mayores de 15 a\u00f1os<\/p>\n<p>&nbsp;<\/p>\n","protected":false},"excerpt":{"rendered":"<p>En el mes de marzo, INEFOP brindar\u00e1 talleres de orientaci\u00f3n educativo laboral a cargo de t\u00e9cnicos orientadores. Las inscripciones se realizan en la oficina\u00a0 CEPE (centro p\u00fablico de empleo), ubicada en primer piso de la Intendencia Departamental de Rivera (Agraciada 570), de lunes a viernes de 9 a 15 horas. Por consultas, en oficina de [&hellip;]<\/p>\n","protected":false},"author":2,"featured_media":1907,"comment_status":"open","ping_status":"open","sticky":false,"template":"","format":"standard","meta":{"footnotes":""},"categories":[1],"tags":[116,125,16,17],"_links":{"self":[{"href":"https:\/\/www.rivera.gub.uy\/medioambiente\/wp-json\/wp\/v2\/posts\/1906"}],"collection":[{"href":"https:\/\/www.rivera.gub.uy\/medioambiente\/wp-json\/wp\/v2\/posts"}],"about":[{"href":"https:\/\/www.rivera.gub.uy\/medioambiente\/wp-json\/wp\/v2\/types\/post"}],"author":[{"embeddable":true,"href":"https:\/\/www.rivera.gub.uy\/medioambiente\/wp-json\/wp\/v2\/users\/2"}],"replies":[{"embeddable":true,"href":"https:\/\/www.rivera.gub.uy\/medioambiente\/wp-json\/wp\/v2\/comments?post=1906"}],"version-history":[{"count":1,"href":"https:\/\/www.rivera.gub.uy\/medioambiente\/wp-json\/wp\/v2\/posts\/1906\/revisions"}],"predecessor-version":[{"id":1908,"href":"https:\/\/www.rivera.gub.uy\/medioambiente\/wp-json\/wp\/v2\/posts\/1906\/revisions\/1908"}],"wp:featuredmedia":[{"embeddable":true,"href":"https:\/\/www.rivera.gub.uy\/medioambiente\/wp-json\/wp\/v2\/media\/1907"}],"wp:attachment":[{"href":"https:\/\/www.rivera.gub.uy\/medioambiente\/wp-json\/wp\/v2\/media?parent=1906"}],"wp:term":[{"taxonomy":"category","embeddable":true,"href":"https:\/\/www.rivera.gub.uy\/medioambiente\/wp-json\/wp\/v2\/categories?post=1906"},{"taxonomy":"post_tag","embeddable":true,"href":"https:\/\/www.rivera.gub.uy\/medioambiente\/wp-json\/wp\/v2\/tags?post=1906"}],"curies":[{"name":"wp","href":"https:\/\/api.w.org\/{rel}","templated":true}]}}