{"id":1909,"date":"2020-02-13T12:43:33","date_gmt":"2020-02-13T12:43:33","guid":{"rendered":"https:\/\/www.rivera.gub.uy\/medioambiente\/?p=1909"},"modified":"2020-02-13T12:44:09","modified_gmt":"2020-02-13T12:44:09","slug":"proyecto-acacia-negra-en-la-racca","status":"publish","type":"post","link":"https:\/\/www.rivera.gub.uy\/medioambiente\/proyecto-acacia-negra-en-la-racca\/","title":{"rendered":"Proyecto Acacia Negra en La Racca"},"content":{"rendered":"<p>El d\u00eda mi\u00e9rcoles 4 de febrero se llev\u00f3 a cabo la inauguraci\u00f3n del puente de la Racca el cual genera cambios sustanciales en la calidad de vida y movilidad de los riverenses al comunicar barrios enteros de nuestra ciudad sin necesidad recorrer el centro. Esta acci\u00f3n representa el inicio de un gran cambio para dicha zona la cual culminar\u00e1 con la implantaci\u00f3n de un \u00e1rea verde o parque el que podr\u00e1 ser disfrutado por toda la poblaci\u00f3n.<!--more--><\/p>\n<p>En este sentido, el proyecto Acacia Negra ejecutado por la Unidad de Desarrollo (IDR) y la Facultad de Ciencias (UdelaR) con fondos de la ANII viene realizando acciones de manejo en todo el predio desde el a\u00f1o 2018. As\u00ed sobre mediados del a\u00f1o 2019 se ha consolidado la tala de Acacia Negra (Gleditsia triacanthos) y la limpieza del mismo para disponibilizarlo a la comunidad.<\/p>\n<p>Luego de finalizado este trabajo m\u00e1s profundo, se ha dado inicio a la etapa de mantenimiento predial por parte de un funcionario contratado por el proyecto por un plazo de 10 meses. Dentro de las tareas que viene realizando este recurso humano, quien se ha sumado a la Divisi\u00f3n Parques y Jardines (IDR), se encuentran: desmalezado, corte de pasto, control de rebrotes de Acacia negra, plantado de especies nativas y mantenimiento de las mismas. Se pretende que parte de estas tareas se puedan realizar en conjunto con los vecinos de la zona quienes siempre se han mostrado dispuesto a aportar su granito de arena.<\/p>\n<p>Esta ha sido una excelente experiencia de cooperaci\u00f3n y trabajo en equipo entre las diferentes Divisiones de la Intendencia, e instituciones nacionales tanto en las etapas de dise\u00f1o como de gesti\u00f3n de este nuevo espacio p\u00fablico.<\/p>\n<p>&nbsp;<\/p>\n<div id='gallery-1' class='gallery galleryid-1909 gallery-columns-3 gallery-size-thumbnail'><figure class='gallery-item'>\n\t\t\t<div class='gallery-icon landscape'>\n\t\t\t\t<a href='https:\/\/www.rivera.gub.uy\/medioambiente\/wp-content\/uploads\/2020\/02\/WhatsApp-Image-2020-02-12-at-13.38.39.jpeg'><img loading=\"lazy\" decoding=\"async\" width=\"150\" height=\"150\" src=\"https:\/\/www.rivera.gub.uy\/medioambiente\/wp-content\/uploads\/2020\/02\/WhatsApp-Image-2020-02-12-at-13.38.39-150x150.jpeg\" class=\"attachment-thumbnail size-thumbnail\" alt=\"\" \/><\/a>\n\t\t\t<\/div><\/figure><figure class='gallery-item'>\n\t\t\t<div class='gallery-icon landscape'>\n\t\t\t\t<a href='https:\/\/www.rivera.gub.uy\/medioambiente\/wp-content\/uploads\/2020\/02\/WhatsApp-Image-2020-02-12-at-13.38.56.jpeg'><img loading=\"lazy\" decoding=\"async\" width=\"150\" height=\"150\" src=\"https:\/\/www.rivera.gub.uy\/medioambiente\/wp-content\/uploads\/2020\/02\/WhatsApp-Image-2020-02-12-at-13.38.56-150x150.jpeg\" class=\"attachment-thumbnail size-thumbnail\" alt=\"\" \/><\/a>\n\t\t\t<\/div><\/figure><figure class='gallery-item'>\n\t\t\t<div class='gallery-icon landscape'>\n\t\t\t\t<a href='https:\/\/www.rivera.gub.uy\/medioambiente\/wp-content\/uploads\/2020\/02\/WhatsApp-Image-2020-02-12-at-13.38.57.jpeg'><img loading=\"lazy\" decoding=\"async\" width=\"150\" height=\"150\" src=\"https:\/\/www.rivera.gub.uy\/medioambiente\/wp-content\/uploads\/2020\/02\/WhatsApp-Image-2020-02-12-at-13.38.57-150x150.jpeg\" class=\"attachment-thumbnail size-thumbnail\" alt=\"\" \/><\/a>\n\t\t\t<\/div><\/figure>\n\t\t<\/div>\n\n","protected":false},"excerpt":{"rendered":"<p>El d\u00eda mi\u00e9rcoles 4 de febrero se llev\u00f3 a cabo la inauguraci\u00f3n del puente de la Racca el cual genera cambios sustanciales en la calidad de vida y movilidad de los riverenses al comunicar barrios enteros de nuestra ciudad sin necesidad recorrer el centro. Esta acci\u00f3n representa el inicio de un gran cambio para dicha [&hellip;]<\/p>\n","protected":false},"author":2,"featured_media":1912,"comment_status":"open","ping_status":"open","sticky":false,"template":"","format":"standard","meta":{"footnotes":""},"categories":[1],"tags":[90,57,126,21],"_links":{"self":[{"href":"https:\/\/www.rivera.gub.uy\/medioambiente\/wp-json\/wp\/v2\/posts\/1909"}],"collection":[{"href":"https:\/\/www.rivera.gub.uy\/medioambiente\/wp-json\/wp\/v2\/posts"}],"about":[{"href":"https:\/\/www.rivera.gub.uy\/medioambiente\/wp-json\/wp\/v2\/types\/post"}],"author":[{"embeddable":true,"href":"https:\/\/www.rivera.gub.uy\/medioambiente\/wp-json\/wp\/v2\/users\/2"}],"replies":[{"embeddable":true,"href":"https:\/\/www.rivera.gub.uy\/medioambiente\/wp-json\/wp\/v2\/comments?post=1909"}],"version-history":[{"count":1,"href":"https:\/\/www.rivera.gub.uy\/medioambiente\/wp-json\/wp\/v2\/posts\/1909\/revisions"}],"predecessor-version":[{"id":1913,"href":"https:\/\/www.rivera.gub.uy\/medioambiente\/wp-json\/wp\/v2\/posts\/1909\/revisions\/1913"}],"wp:featuredmedia":[{"embeddable":true,"href":"https:\/\/www.rivera.gub.uy\/medioambiente\/wp-json\/wp\/v2\/media\/1912"}],"wp:attachment":[{"href":"https:\/\/www.rivera.gub.uy\/medioambiente\/wp-json\/wp\/v2\/media?parent=1909"}],"wp:term":[{"taxonomy":"category","embeddable":true,"href":"https:\/\/www.rivera.gub.uy\/medioambiente\/wp-json\/wp\/v2\/categories?post=1909"},{"taxonomy":"post_tag","embeddable":true,"href":"https:\/\/www.rivera.gub.uy\/medioambiente\/wp-json\/wp\/v2\/tags?post=1909"}],"curies":[{"name":"wp","href":"https:\/\/api.w.org\/{rel}","templated":true}]}}