{"id":1914,"date":"2020-02-13T15:28:31","date_gmt":"2020-02-13T15:28:31","guid":{"rendered":"https:\/\/www.rivera.gub.uy\/medioambiente\/?p=1914"},"modified":"2020-02-13T15:28:31","modified_gmt":"2020-02-13T15:28:31","slug":"presentacion-del-estudio-de-viabilidad-de-la-relocalizacion-de-los-aserraderos-de-tranqueras","status":"publish","type":"post","link":"https:\/\/www.rivera.gub.uy\/medioambiente\/presentacion-del-estudio-de-viabilidad-de-la-relocalizacion-de-los-aserraderos-de-tranqueras\/","title":{"rendered":"Presentaci\u00f3n del Estudio de viabilidad de la relocalizaci\u00f3n de los aserraderos de Tranqueras"},"content":{"rendered":"<p>El pr\u00f3ximo viernes 21 de febrero de 2020 se llevar\u00e1 acabo la Presentaci\u00f3n del Estudio de viabilidad de la relocalizaci\u00f3n de los aserraderos de Tranqueras.<\/p>\n<p>Dicho estudio fue realizado por la consultora AIC, en el marco del proyecto REDEMA.<\/p>\n<p>Se convoca a empresarios de aserraderos, autoridades y representantes de instituciones p\u00fablicas y privadas de la ciudad de Tranqueras a participar y opinar sobre posibles acciones futuras.<\/p>\n","protected":false},"excerpt":{"rendered":"<p>El pr\u00f3ximo viernes 21 de febrero de 2020 se llevar\u00e1 acabo la Presentaci\u00f3n del Estudio de viabilidad de la relocalizaci\u00f3n de los aserraderos de Tranqueras. Dicho estudio fue realizado por la consultora AIC, en el marco del proyecto REDEMA. Se convoca a empresarios de aserraderos, autoridades y representantes de instituciones p\u00fablicas y privadas de la [&hellip;]<\/p>\n","protected":false},"author":2,"featured_media":1915,"comment_status":"open","ping_status":"open","sticky":false,"template":"","format":"standard","meta":{"footnotes":""},"categories":[1],"tags":[57,55],"_links":{"self":[{"href":"https:\/\/www.rivera.gub.uy\/medioambiente\/wp-json\/wp\/v2\/posts\/1914"}],"collection":[{"href":"https:\/\/www.rivera.gub.uy\/medioambiente\/wp-json\/wp\/v2\/posts"}],"about":[{"href":"https:\/\/www.rivera.gub.uy\/medioambiente\/wp-json\/wp\/v2\/types\/post"}],"author":[{"embeddable":true,"href":"https:\/\/www.rivera.gub.uy\/medioambiente\/wp-json\/wp\/v2\/users\/2"}],"replies":[{"embeddable":true,"href":"https:\/\/www.rivera.gub.uy\/medioambiente\/wp-json\/wp\/v2\/comments?post=1914"}],"version-history":[{"count":1,"href":"https:\/\/www.rivera.gub.uy\/medioambiente\/wp-json\/wp\/v2\/posts\/1914\/revisions"}],"predecessor-version":[{"id":1916,"href":"https:\/\/www.rivera.gub.uy\/medioambiente\/wp-json\/wp\/v2\/posts\/1914\/revisions\/1916"}],"wp:featuredmedia":[{"embeddable":true,"href":"https:\/\/www.rivera.gub.uy\/medioambiente\/wp-json\/wp\/v2\/media\/1915"}],"wp:attachment":[{"href":"https:\/\/www.rivera.gub.uy\/medioambiente\/wp-json\/wp\/v2\/media?parent=1914"}],"wp:term":[{"taxonomy":"category","embeddable":true,"href":"https:\/\/www.rivera.gub.uy\/medioambiente\/wp-json\/wp\/v2\/categories?post=1914"},{"taxonomy":"post_tag","embeddable":true,"href":"https:\/\/www.rivera.gub.uy\/medioambiente\/wp-json\/wp\/v2\/tags?post=1914"}],"curies":[{"name":"wp","href":"https:\/\/api.w.org\/{rel}","templated":true}]}}