{"id":1921,"date":"2020-02-18T12:39:41","date_gmt":"2020-02-18T12:39:41","guid":{"rendered":"https:\/\/www.rivera.gub.uy\/medioambiente\/?p=1921"},"modified":"2020-02-18T12:53:32","modified_gmt":"2020-02-18T12:53:32","slug":"capacitacion-induccion-de-seguridad-en-empresas-madereras","status":"publish","type":"post","link":"https:\/\/www.rivera.gub.uy\/medioambiente\/capacitacion-induccion-de-seguridad-en-empresas-madereras\/","title":{"rendered":"CAPACITACI\u00d3N  INDUCCI\u00d3N DE SEGURIDAD EN EMPRESAS MADERERAS"},"content":{"rendered":"<p>El pr\u00f3ximo mi\u00e9rcoles <strong>26 de febrero de 2016<\/strong> se realizar\u00e1 una capacitaci\u00f3n en<strong> Inducci\u00f3n de seguridad en empresas madereras<\/strong>. La capacitaci\u00f3n ocurre a las<strong> 19 horas en el Centro Artigas Uruguay<\/strong> , en la ciudad de Tranqueras.<\/p>\n<p>El objetivo del taller es brindar herramientas para empresarios y funcionarios de empresas madereras en la organizaci\u00f3n en temas de seguridad y estar\u00e1 a cargo del Ingeniero Quimico Pablo Raimonda.<\/p>\n<p>Los participantes saldr\u00e1n capacitados a ofrecer informac\u00f3n correcta al personal ingresante a sus empresas, con la finalidad de integrarlo r\u00e1pida y adecuadamente a la organizaci\u00f3n y al grupo humano que la conforma.<\/p>\n<p>Se invita a empresarios y funcionarios de aserraderos, carpinterias y empresas afines a participar de dicho taller.<\/p>\n<p>La capacitaci\u00f3n INDUCCI\u00d3N DE SEGURIDAD EN EMPRESAS MADERERAS se realiza en el marco del proyecto <a href=\"https:\/\/www.rivera.gub.uy\/medioambiente\/tag\/redema\/\">REDEMA<\/a>.<\/p>\n<p>&nbsp;<\/p>\n<p><a href=\"https:\/\/www.rivera.gub.uy\/medioambiente\/wp-content\/uploads\/2020\/02\/TALLER-SEGURIDAD-26.2.png\"><img loading=\"lazy\" decoding=\"async\" class=\"aligncenter wp-image-1922\" src=\"https:\/\/www.rivera.gub.uy\/medioambiente\/wp-content\/uploads\/2020\/02\/TALLER-SEGURIDAD-26.2-300x300.png\" alt=\"\" width=\"350\" height=\"350\" srcset=\"https:\/\/www.rivera.gub.uy\/medioambiente\/wp-content\/uploads\/2020\/02\/TALLER-SEGURIDAD-26.2-300x300.png 300w, https:\/\/www.rivera.gub.uy\/medioambiente\/wp-content\/uploads\/2020\/02\/TALLER-SEGURIDAD-26.2-150x150.png 150w, https:\/\/www.rivera.gub.uy\/medioambiente\/wp-content\/uploads\/2020\/02\/TALLER-SEGURIDAD-26.2-768x768.png 768w, https:\/\/www.rivera.gub.uy\/medioambiente\/wp-content\/uploads\/2020\/02\/TALLER-SEGURIDAD-26.2.png 800w\" sizes=\"(max-width: 350px) 100vw, 350px\" \/><\/a><\/p>\n","protected":false},"excerpt":{"rendered":"<p>El pr\u00f3ximo mi\u00e9rcoles 26 de febrero de 2016 se realizar\u00e1 una capacitaci\u00f3n en Inducci\u00f3n de seguridad en empresas madereras. La capacitaci\u00f3n ocurre a las 19 horas en el Centro Artigas Uruguay , en la ciudad de Tranqueras. El objetivo del taller es brindar herramientas para empresarios y funcionarios de empresas madereras en la organizaci\u00f3n en [&hellip;]<\/p>\n","protected":false},"author":2,"featured_media":1922,"comment_status":"open","ping_status":"open","sticky":false,"template":"","format":"standard","meta":{"footnotes":""},"categories":[1],"tags":[20,57,55],"_links":{"self":[{"href":"https:\/\/www.rivera.gub.uy\/medioambiente\/wp-json\/wp\/v2\/posts\/1921"}],"collection":[{"href":"https:\/\/www.rivera.gub.uy\/medioambiente\/wp-json\/wp\/v2\/posts"}],"about":[{"href":"https:\/\/www.rivera.gub.uy\/medioambiente\/wp-json\/wp\/v2\/types\/post"}],"author":[{"embeddable":true,"href":"https:\/\/www.rivera.gub.uy\/medioambiente\/wp-json\/wp\/v2\/users\/2"}],"replies":[{"embeddable":true,"href":"https:\/\/www.rivera.gub.uy\/medioambiente\/wp-json\/wp\/v2\/comments?post=1921"}],"version-history":[{"count":4,"href":"https:\/\/www.rivera.gub.uy\/medioambiente\/wp-json\/wp\/v2\/posts\/1921\/revisions"}],"predecessor-version":[{"id":1926,"href":"https:\/\/www.rivera.gub.uy\/medioambiente\/wp-json\/wp\/v2\/posts\/1921\/revisions\/1926"}],"wp:featuredmedia":[{"embeddable":true,"href":"https:\/\/www.rivera.gub.uy\/medioambiente\/wp-json\/wp\/v2\/media\/1922"}],"wp:attachment":[{"href":"https:\/\/www.rivera.gub.uy\/medioambiente\/wp-json\/wp\/v2\/media?parent=1921"}],"wp:term":[{"taxonomy":"category","embeddable":true,"href":"https:\/\/www.rivera.gub.uy\/medioambiente\/wp-json\/wp\/v2\/categories?post=1921"},{"taxonomy":"post_tag","embeddable":true,"href":"https:\/\/www.rivera.gub.uy\/medioambiente\/wp-json\/wp\/v2\/tags?post=1921"}],"curies":[{"name":"wp","href":"https:\/\/api.w.org\/{rel}","templated":true}]}}