{"id":1927,"date":"2020-02-20T12:53:39","date_gmt":"2020-02-20T12:53:39","guid":{"rendered":"https:\/\/www.rivera.gub.uy\/medioambiente\/?p=1927"},"modified":"2020-02-18T12:57:51","modified_gmt":"2020-02-18T12:57:51","slug":"capacitacion-en-induccion-de-seguridad-empresas-madereras-de-rivera","status":"publish","type":"post","link":"https:\/\/www.rivera.gub.uy\/medioambiente\/capacitacion-en-induccion-de-seguridad-empresas-madereras-de-rivera\/","title":{"rendered":"Capacitaci\u00f3n en INDUCCI\u00d3N DE SEGURIDAD EMPRESAS MADERERAS DE RIVERA"},"content":{"rendered":"<p><a href=\"https:\/\/www.rivera.gub.uy\/medioambiente\/wp-content\/uploads\/2020\/02\/SEGURIDAD-RIVERA.png\"><img loading=\"lazy\" decoding=\"async\" class=\"aligncenter size-medium wp-image-1928\" src=\"https:\/\/www.rivera.gub.uy\/medioambiente\/wp-content\/uploads\/2020\/02\/SEGURIDAD-RIVERA-300x300.png\" alt=\"\" width=\"300\" height=\"300\" srcset=\"https:\/\/www.rivera.gub.uy\/medioambiente\/wp-content\/uploads\/2020\/02\/SEGURIDAD-RIVERA-300x300.png 300w, https:\/\/www.rivera.gub.uy\/medioambiente\/wp-content\/uploads\/2020\/02\/SEGURIDAD-RIVERA-150x150.png 150w, https:\/\/www.rivera.gub.uy\/medioambiente\/wp-content\/uploads\/2020\/02\/SEGURIDAD-RIVERA-768x768.png 768w, https:\/\/www.rivera.gub.uy\/medioambiente\/wp-content\/uploads\/2020\/02\/SEGURIDAD-RIVERA.png 800w\" sizes=\"(max-width: 300px) 100vw, 300px\" \/><\/a><\/p>\n<p>El pr\u00f3ximo <strong>jueves 27 de febrero de 2016<\/strong> se realizar\u00e1 una capacitaci\u00f3n en<strong> Inducci\u00f3n de seguridad en empresas madereras de la ciudad de Rivera<\/strong>. La capacitaci\u00f3n ocurre a las<strong> 19 horas en Sala de Capacitaciones de la Intendencia Departamental de Rivera<\/strong>.<\/p>\n<p>La capacitaci\u00f3n INDUCCI\u00d3N DE SEGURIDAD EN EMPRESAS MADERERAS de Rivera se realiza en el marco del proyecto <a href=\"https:\/\/www.rivera.gub.uy\/medioambiente\/tag\/redema\/\">REDEMA<\/a>. El objetivo del taller es brindar herramientas para empresarios y funcionarios de empresas madereras en la organizaci\u00f3n en temas de seguridad y estar\u00e1 a cargo del Ingeniero Quimico Pablo Raimonda.<\/p>\n<p>Los participantes saldr\u00e1n capacitados a ofrecer informac\u00f3n correcta al personal ingresante a sus empresas, con la finalidad de integrarlo r\u00e1pida y adecuadamente a la organizaci\u00f3n y al grupo humano que la conforma.<\/p>\n<p>Se invita a empresarios y funcionarios de aserraderos, carpinterias y empresas afines a participar de dicho taller.<\/p>\n<p>&nbsp;<\/p>\n<p>&nbsp;<\/p>\n<p>&nbsp;<\/p>\n","protected":false},"excerpt":{"rendered":"<p>El pr\u00f3ximo jueves 27 de febrero de 2016 se realizar\u00e1 una capacitaci\u00f3n en Inducci\u00f3n de seguridad en empresas madereras de la ciudad de Rivera. La capacitaci\u00f3n ocurre a las 19 horas en Sala de Capacitaciones de la Intendencia Departamental de Rivera. La capacitaci\u00f3n INDUCCI\u00d3N DE SEGURIDAD EN EMPRESAS MADERERAS de Rivera se realiza en el [&hellip;]<\/p>\n","protected":false},"author":2,"featured_media":1928,"comment_status":"open","ping_status":"open","sticky":false,"template":"","format":"standard","meta":{"footnotes":""},"categories":[1],"tags":[57,55],"_links":{"self":[{"href":"https:\/\/www.rivera.gub.uy\/medioambiente\/wp-json\/wp\/v2\/posts\/1927"}],"collection":[{"href":"https:\/\/www.rivera.gub.uy\/medioambiente\/wp-json\/wp\/v2\/posts"}],"about":[{"href":"https:\/\/www.rivera.gub.uy\/medioambiente\/wp-json\/wp\/v2\/types\/post"}],"author":[{"embeddable":true,"href":"https:\/\/www.rivera.gub.uy\/medioambiente\/wp-json\/wp\/v2\/users\/2"}],"replies":[{"embeddable":true,"href":"https:\/\/www.rivera.gub.uy\/medioambiente\/wp-json\/wp\/v2\/comments?post=1927"}],"version-history":[{"count":1,"href":"https:\/\/www.rivera.gub.uy\/medioambiente\/wp-json\/wp\/v2\/posts\/1927\/revisions"}],"predecessor-version":[{"id":1929,"href":"https:\/\/www.rivera.gub.uy\/medioambiente\/wp-json\/wp\/v2\/posts\/1927\/revisions\/1929"}],"wp:featuredmedia":[{"embeddable":true,"href":"https:\/\/www.rivera.gub.uy\/medioambiente\/wp-json\/wp\/v2\/media\/1928"}],"wp:attachment":[{"href":"https:\/\/www.rivera.gub.uy\/medioambiente\/wp-json\/wp\/v2\/media?parent=1927"}],"wp:term":[{"taxonomy":"category","embeddable":true,"href":"https:\/\/www.rivera.gub.uy\/medioambiente\/wp-json\/wp\/v2\/categories?post=1927"},{"taxonomy":"post_tag","embeddable":true,"href":"https:\/\/www.rivera.gub.uy\/medioambiente\/wp-json\/wp\/v2\/tags?post=1927"}],"curies":[{"name":"wp","href":"https:\/\/api.w.org\/{rel}","templated":true}]}}