{"id":1930,"date":"2020-02-28T16:54:28","date_gmt":"2020-02-28T16:54:28","guid":{"rendered":"https:\/\/www.rivera.gub.uy\/medioambiente\/?p=1930"},"modified":"2020-03-06T16:57:48","modified_gmt":"2020-03-06T16:57:48","slug":"se-presentaron-resultados-del-proyecto-desarrollo-y-fortalecimiento-de-la-cadena-de-valor-del-sector-maderero-de-rivera","status":"publish","type":"post","link":"https:\/\/www.rivera.gub.uy\/medioambiente\/se-presentaron-resultados-del-proyecto-desarrollo-y-fortalecimiento-de-la-cadena-de-valor-del-sector-maderero-de-rivera\/","title":{"rendered":"Se presentaron resultados del proyecto Desarrollo y fortalecimiento de la cadena de valor del sector Maderero de Rivera"},"content":{"rendered":"<p>El viernes 28 de febrero se realiz\u00f3 la presentaci\u00f3n hitos cumplidos en los dos a\u00f1os del proyecto Desarrollo y fortalecimiento de la cadena de valor del sector Maderero de Rivera, con \u00e9nfasis en la mejora de la productividad, de la competitividad y de la calidad del empleo.<br \/>\nParticiparon de la reuni\u00f3n integrantes de las instituciones socias del proyecto como Intendencia Departamental Rivera, <a class=\"profileLink\" href=\"https:\/\/www.facebook.com\/ANDEUruguay\/?__tn__=K-R&amp;eid=ARD1Yfv6IdFzsR9lRBpIRptERp0vmpIJHnEpKF476H7aLiS3nMOhTox5YAtYyZJ5pn9jB6wBdq01srVK&amp;fref=mentions&amp;__xts__%5B0%5D=68.ARCMwvXlqbxJ6QvXqI-cIJxdvXvlTRY8UfAChl75UB1QXQGEU3yaWVHPJN7BlEdJe28lAcBTMR5YdtAIJ-CVYWT1V9nbkSFl5rIqEMsUbJ_he7QYmDSUB3ePUgQyst3P0YIA4kSdjIrcvTz6LGpmqZHvT546yz0-U5_Ik6ORzXFDA9EqwJ_hpSX_7Rlu2RDBHYWH5di6gFgGXM-OhziT630V5thz3rXjf_xQk6GlRw2Y_jfsKnmF7dRU6PQE2ytZPjeRyjintPOIsFBYmsekTIUNa-gtSmygG8Qi0zmvGQtp08tJrErVT1Gmx2IViCay6aPKfcSeSgAGJqXx1NB8LQg\" data-hovercard=\"\/ajax\/hovercard\/page.php?id=218578618605389&amp;extragetparams=%7B%22__tn__%22%3A%22%2CdK-R-R%22%2C%22eid%22%3A%22ARD1Yfv6IdFzsR9lRBpIRptERp0vmpIJHnEpKF476H7aLiS3nMOhTox5YAtYyZJ5pn9jB6wBdq01srVK%22%2C%22fref%22%3A%22mentions%22%7D\" data-hovercard-prefer-more-content-show=\"1\">Agencia Nacional de Desarrollo<\/a> , <a class=\"profileLink\" href=\"https:\/\/www.facebook.com\/MIEMUruguay\/?__tn__=K-R&amp;eid=ARCB3m1c_MVLbyV3aq8qK6hc5j5u82bikmnIFv2qXpqewVhHDnS9datJ1DJUERMori239efOnV1Hl-26&amp;fref=mentions&amp;__xts__%5B0%5D=68.ARCMwvXlqbxJ6QvXqI-cIJxdvXvlTRY8UfAChl75UB1QXQGEU3yaWVHPJN7BlEdJe28lAcBTMR5YdtAIJ-CVYWT1V9nbkSFl5rIqEMsUbJ_he7QYmDSUB3ePUgQyst3P0YIA4kSdjIrcvTz6LGpmqZHvT546yz0-U5_Ik6ORzXFDA9EqwJ_hpSX_7Rlu2RDBHYWH5di6gFgGXM-OhziT630V5thz3rXjf_xQk6GlRw2Y_jfsKnmF7dRU6PQE2ytZPjeRyjintPOIsFBYmsekTIUNa-gtSmygG8Qi0zmvGQtp08tJrErVT1Gmx2IViCay6aPKfcSeSgAGJqXx1NB8LQg\" data-hovercard=\"\/ajax\/hovercard\/page.php?id=186246471712830&amp;extragetparams=%7B%22__tn__%22%3A%22%2CdK-R-R%22%2C%22eid%22%3A%22ARCB3m1c_MVLbyV3aq8qK6hc5j5u82bikmnIFv2qXpqewVhHDnS9datJ1DJUERMori239efOnV1Hl-26%22%2C%22fref%22%3A%22mentions%22%7D\" data-hovercard-prefer-more-content-show=\"1\">Ministerio de Industria, Energ\u00eda y Miner\u00eda<\/a>, <a class=\"profileLink\" href=\"https:\/\/www.facebook.com\/Universidad.de.la.Republica\/?__tn__=K-R&amp;eid=ARAKs8nknum1SQUMZLZz2ixNPC1HpKILLAHbrdEW3DJLIKty4yguCqIbP97uHvv-g-g1nT08kKhnOcmU&amp;fref=mentions&amp;__xts__%5B0%5D=68.ARCMwvXlqbxJ6QvXqI-cIJxdvXvlTRY8UfAChl75UB1QXQGEU3yaWVHPJN7BlEdJe28lAcBTMR5YdtAIJ-CVYWT1V9nbkSFl5rIqEMsUbJ_he7QYmDSUB3ePUgQyst3P0YIA4kSdjIrcvTz6LGpmqZHvT546yz0-U5_Ik6ORzXFDA9EqwJ_hpSX_7Rlu2RDBHYWH5di6gFgGXM-OhziT630V5thz3rXjf_xQk6GlRw2Y_jfsKnmF7dRU6PQE2ytZPjeRyjintPOIsFBYmsekTIUNa-gtSmygG8Qi0zmvGQtp08tJrErVT1Gmx2IViCay6aPKfcSeSgAGJqXx1NB8LQg\" data-hovercard=\"\/ajax\/hovercard\/page.php?id=177775225611164&amp;extragetparams=%7B%22__tn__%22%3A%22%2CdK-R-R%22%2C%22eid%22%3A%22ARAKs8nknum1SQUMZLZz2ixNPC1HpKILLAHbrdEW3DJLIKty4yguCqIbP97uHvv-g-g1nT08kKhnOcmU%22%2C%22fref%22%3A%22mentions%22%7D\" data-hovercard-prefer-more-content-show=\"1\">UdelaR &#8211; Univer<span class=\"text_exposed_show\">sidad de la Rep\u00fablica<\/span><\/a><span class=\"text_exposed_show\">, <a class=\"profileLink\" href=\"https:\/\/www.facebook.com\/pages\/Presidencia-de-la-Republica\/400450099974234?__tn__=K-R&amp;eid=ARAVSuMgNQRFd1bta2gVKa96Nynuxv259EhImptLD496EIKjXjuqg3mNL_D1dE2NQBKaX7_9AoFy1JVe&amp;fref=mentions&amp;__xts__%5B0%5D=68.ARCMwvXlqbxJ6QvXqI-cIJxdvXvlTRY8UfAChl75UB1QXQGEU3yaWVHPJN7BlEdJe28lAcBTMR5YdtAIJ-CVYWT1V9nbkSFl5rIqEMsUbJ_he7QYmDSUB3ePUgQyst3P0YIA4kSdjIrcvTz6LGpmqZHvT546yz0-U5_Ik6ORzXFDA9EqwJ_hpSX_7Rlu2RDBHYWH5di6gFgGXM-OhziT630V5thz3rXjf_xQk6GlRw2Y_jfsKnmF7dRU6PQE2ytZPjeRyjintPOIsFBYmsekTIUNa-gtSmygG8Qi0zmvGQtp08tJrErVT1Gmx2IViCay6aPKfcSeSgAGJqXx1NB8LQg\" data-hovercard=\"\/ajax\/hovercard\/page.php?id=400450099974234&amp;extragetparams=%7B%22__tn__%22%3A%22%2CdK-R-R%22%2C%22eid%22%3A%22ARAVSuMgNQRFd1bta2gVKa96Nynuxv259EhImptLD496EIKjXjuqg3mNL_D1dE2NQBKaX7_9AoFy1JVe%22%2C%22fref%22%3A%22mentions%22%7D\" data-hovercard-prefer-more-content-show=\"1\">Presidencia de la Republica<\/a>, <a class=\"profileLink\" href=\"https:\/\/www.facebook.com\/oppuruguay\/?__tn__=K-R&amp;eid=ARBzxEbfVbQ0XW3OXi6yj_N3_4xTRYo-BjEBvHFXMsHi3pt-473V2dXylP6BkB7xRsiCOkeia2kGDRbi&amp;fref=mentions&amp;__xts__%5B0%5D=68.ARCMwvXlqbxJ6QvXqI-cIJxdvXvlTRY8UfAChl75UB1QXQGEU3yaWVHPJN7BlEdJe28lAcBTMR5YdtAIJ-CVYWT1V9nbkSFl5rIqEMsUbJ_he7QYmDSUB3ePUgQyst3P0YIA4kSdjIrcvTz6LGpmqZHvT546yz0-U5_Ik6ORzXFDA9EqwJ_hpSX_7Rlu2RDBHYWH5di6gFgGXM-OhziT630V5thz3rXjf_xQk6GlRw2Y_jfsKnmF7dRU6PQE2ytZPjeRyjintPOIsFBYmsekTIUNa-gtSmygG8Qi0zmvGQtp08tJrErVT1Gmx2IViCay6aPKfcSeSgAGJqXx1NB8LQg\" data-hovercard=\"\/ajax\/hovercard\/page.php?id=1106711882734382&amp;extragetparams=%7B%22__tn__%22%3A%22%2CdK-R-R%22%2C%22eid%22%3A%22ARBzxEbfVbQ0XW3OXi6yj_N3_4xTRYo-BjEBvHFXMsHi3pt-473V2dXylP6BkB7xRsiCOkeia2kGDRbi%22%2C%22fref%22%3A%22mentions%22%7D\" data-hovercard-prefer-more-content-show=\"1\">OPP Uruguay<\/a>, socios de <a class=\"profileLink\" href=\"https:\/\/www.facebook.com\/adema.uy\/?__tn__=K-R&amp;eid=ARD10oklfOd058eTRKx_P7ms6lZSioSl5t5Vhwmj9uXIs61I2dkNyEwenLZugEus2cxPepVWGEXc45-S&amp;fref=mentions&amp;__xts__%5B0%5D=68.ARCMwvXlqbxJ6QvXqI-cIJxdvXvlTRY8UfAChl75UB1QXQGEU3yaWVHPJN7BlEdJe28lAcBTMR5YdtAIJ-CVYWT1V9nbkSFl5rIqEMsUbJ_he7QYmDSUB3ePUgQyst3P0YIA4kSdjIrcvTz6LGpmqZHvT546yz0-U5_Ik6ORzXFDA9EqwJ_hpSX_7Rlu2RDBHYWH5di6gFgGXM-OhziT630V5thz3rXjf_xQk6GlRw2Y_jfsKnmF7dRU6PQE2ytZPjeRyjintPOIsFBYmsekTIUNa-gtSmygG8Qi0zmvGQtp08tJrErVT1Gmx2IViCay6aPKfcSeSgAGJqXx1NB8LQg\" data-hovercard=\"\/ajax\/hovercard\/page.php?id=104505744454237&amp;extragetparams=%7B%22__tn__%22%3A%22%2CdK-R-R%22%2C%22eid%22%3A%22ARD10oklfOd058eTRKx_P7ms6lZSioSl5t5Vhwmj9uXIs61I2dkNyEwenLZugEus2cxPepVWGEXc45-S%22%2C%22fref%22%3A%22mentions%22%7D\" data-hovercard-prefer-more-content-show=\"1\">Adema<\/a> y el equipo ejecutor del proyecto.<\/span><\/p>\n<div class=\"text_exposed_show\">\n<p>Adem\u00e1s de presentar los resultados e hitos cumplidos, los presentes discutieron las posibilidades de seguimiento del proyecto con una tabla de estrat\u00e9gias sugeridas para debate.<\/p>\n<p>El proyecto Desarrollo y fortalecimiento de la cadena de valor del sector Maderero de Rivera, con \u00e9nfasis en la mejora de la productividad, de la competitividad y de la calidad del empleo\u201d est\u00e1 impulsado por la Agencia Nacional de Desarrollo, ANDE y el Programa Uruguay M\u00e1s Cerca de OPP en el marco del Programa de Fomento de la Competitividad Territorial.<\/p>\n<\/div>\n<div id='gallery-1' class='gallery galleryid-1930 gallery-columns-3 gallery-size-thumbnail'><figure class='gallery-item'>\n\t\t\t<div class='gallery-icon landscape'>\n\t\t\t\t<a href='https:\/\/www.rivera.gub.uy\/medioambiente\/se-presentaron-resultados-del-proyecto-desarrollo-y-fortalecimiento-de-la-cadena-de-valor-del-sector-maderero-de-rivera\/2020-d\/'><img loading=\"lazy\" decoding=\"async\" width=\"150\" height=\"150\" src=\"https:\/\/www.rivera.gub.uy\/medioambiente\/wp-content\/uploads\/2020\/03\/2020-d-150x150.jpeg\" class=\"attachment-thumbnail size-thumbnail\" alt=\"\" \/><\/a>\n\t\t\t<\/div><\/figure><figure class='gallery-item'>\n\t\t\t<div class='gallery-icon landscape'>\n\t\t\t\t<a href='https:\/\/www.rivera.gub.uy\/medioambiente\/se-presentaron-resultados-del-proyecto-desarrollo-y-fortalecimiento-de-la-cadena-de-valor-del-sector-maderero-de-rivera\/attachment\/2020\/'><img loading=\"lazy\" decoding=\"async\" width=\"150\" height=\"150\" src=\"https:\/\/www.rivera.gub.uy\/medioambiente\/wp-content\/uploads\/2020\/03\/2020-150x150.jpeg\" class=\"attachment-thumbnail size-thumbnail\" alt=\"\" \/><\/a>\n\t\t\t<\/div><\/figure><figure class='gallery-item'>\n\t\t\t<div class='gallery-icon landscape'>\n\t\t\t\t<a href='https:\/\/www.rivera.gub.uy\/medioambiente\/se-presentaron-resultados-del-proyecto-desarrollo-y-fortalecimiento-de-la-cadena-de-valor-del-sector-maderero-de-rivera\/2021-a\/'><img loading=\"lazy\" decoding=\"async\" width=\"150\" height=\"150\" src=\"https:\/\/www.rivera.gub.uy\/medioambiente\/wp-content\/uploads\/2020\/03\/2021-a-150x150.jpeg\" class=\"attachment-thumbnail size-thumbnail\" alt=\"\" \/><\/a>\n\t\t\t<\/div><\/figure><figure class='gallery-item'>\n\t\t\t<div class='gallery-icon landscape'>\n\t\t\t\t<a href='https:\/\/www.rivera.gub.uy\/medioambiente\/se-presentaron-resultados-del-proyecto-desarrollo-y-fortalecimiento-de-la-cadena-de-valor-del-sector-maderero-de-rivera\/2021-b\/'><img loading=\"lazy\" decoding=\"async\" width=\"150\" height=\"150\" src=\"https:\/\/www.rivera.gub.uy\/medioambiente\/wp-content\/uploads\/2020\/03\/2021-B-150x150.jpeg\" class=\"attachment-thumbnail size-thumbnail\" alt=\"\" \/><\/a>\n\t\t\t<\/div><\/figure><figure class='gallery-item'>\n\t\t\t<div class='gallery-icon landscape'>\n\t\t\t\t<a href='https:\/\/www.rivera.gub.uy\/medioambiente\/se-presentaron-resultados-del-proyecto-desarrollo-y-fortalecimiento-de-la-cadena-de-valor-del-sector-maderero-de-rivera\/2021-f\/'><img loading=\"lazy\" decoding=\"async\" width=\"150\" height=\"150\" src=\"https:\/\/www.rivera.gub.uy\/medioambiente\/wp-content\/uploads\/2020\/03\/2021-F-150x150.jpeg\" class=\"attachment-thumbnail size-thumbnail\" alt=\"\" \/><\/a>\n\t\t\t<\/div><\/figure><figure class='gallery-item'>\n\t\t\t<div class='gallery-icon landscape'>\n\t\t\t\t<a href='https:\/\/www.rivera.gub.uy\/medioambiente\/se-presentaron-resultados-del-proyecto-desarrollo-y-fortalecimiento-de-la-cadena-de-valor-del-sector-maderero-de-rivera\/2021-g\/'><img loading=\"lazy\" decoding=\"async\" width=\"150\" height=\"150\" src=\"https:\/\/www.rivera.gub.uy\/medioambiente\/wp-content\/uploads\/2020\/03\/2021-g-150x150.jpeg\" class=\"attachment-thumbnail size-thumbnail\" alt=\"\" \/><\/a>\n\t\t\t<\/div><\/figure><figure class='gallery-item'>\n\t\t\t<div class='gallery-icon landscape'>\n\t\t\t\t<a href='https:\/\/www.rivera.gub.uy\/medioambiente\/se-presentaron-resultados-del-proyecto-desarrollo-y-fortalecimiento-de-la-cadena-de-valor-del-sector-maderero-de-rivera\/cierre\/'><img loading=\"lazy\" decoding=\"async\" width=\"150\" height=\"150\" src=\"https:\/\/www.rivera.gub.uy\/medioambiente\/wp-content\/uploads\/2020\/03\/cierre-150x150.jpeg\" class=\"attachment-thumbnail size-thumbnail\" alt=\"\" \/><\/a>\n\t\t\t<\/div><\/figure>\n\t\t<\/div>\n\n","protected":false},"excerpt":{"rendered":"<p>El viernes 28 de febrero se realiz\u00f3 la presentaci\u00f3n hitos cumplidos en los dos a\u00f1os del proyecto Desarrollo y fortalecimiento de la cadena de valor del sector Maderero de Rivera, con \u00e9nfasis en la mejora de la productividad, de la competitividad y de la calidad del empleo. Participaron de la reuni\u00f3n integrantes de las instituciones [&hellip;]<\/p>\n","protected":false},"author":2,"featured_media":1937,"comment_status":"open","ping_status":"open","sticky":false,"template":"","format":"standard","meta":{"footnotes":""},"categories":[1],"tags":[57,55],"_links":{"self":[{"href":"https:\/\/www.rivera.gub.uy\/medioambiente\/wp-json\/wp\/v2\/posts\/1930"}],"collection":[{"href":"https:\/\/www.rivera.gub.uy\/medioambiente\/wp-json\/wp\/v2\/posts"}],"about":[{"href":"https:\/\/www.rivera.gub.uy\/medioambiente\/wp-json\/wp\/v2\/types\/post"}],"author":[{"embeddable":true,"href":"https:\/\/www.rivera.gub.uy\/medioambiente\/wp-json\/wp\/v2\/users\/2"}],"replies":[{"embeddable":true,"href":"https:\/\/www.rivera.gub.uy\/medioambiente\/wp-json\/wp\/v2\/comments?post=1930"}],"version-history":[{"count":1,"href":"https:\/\/www.rivera.gub.uy\/medioambiente\/wp-json\/wp\/v2\/posts\/1930\/revisions"}],"predecessor-version":[{"id":1938,"href":"https:\/\/www.rivera.gub.uy\/medioambiente\/wp-json\/wp\/v2\/posts\/1930\/revisions\/1938"}],"wp:featuredmedia":[{"embeddable":true,"href":"https:\/\/www.rivera.gub.uy\/medioambiente\/wp-json\/wp\/v2\/media\/1937"}],"wp:attachment":[{"href":"https:\/\/www.rivera.gub.uy\/medioambiente\/wp-json\/wp\/v2\/media?parent=1930"}],"wp:term":[{"taxonomy":"category","embeddable":true,"href":"https:\/\/www.rivera.gub.uy\/medioambiente\/wp-json\/wp\/v2\/categories?post=1930"},{"taxonomy":"post_tag","embeddable":true,"href":"https:\/\/www.rivera.gub.uy\/medioambiente\/wp-json\/wp\/v2\/tags?post=1930"}],"curies":[{"name":"wp","href":"https:\/\/api.w.org\/{rel}","templated":true}]}}