{"id":1967,"date":"2020-04-10T13:45:53","date_gmt":"2020-04-10T13:45:53","guid":{"rendered":"https:\/\/www.rivera.gub.uy\/medioambiente\/?p=1967"},"modified":"2020-04-10T13:48:48","modified_gmt":"2020-04-10T13:48:48","slug":"curso-de-manipulador-de-alimentos","status":"publish","type":"post","link":"https:\/\/www.rivera.gub.uy\/medioambiente\/curso-de-manipulador-de-alimentos\/","title":{"rendered":"Curso de Manipulador de Alimentos"},"content":{"rendered":"<p>Divisi\u00f3n Empresas informa que, debido a la emergencia sanitaria, no se realizar\u00e1 el Curso de Manipulador de Alimentos en la ciudad de Rivera, previsto para los d\u00edas 14 y 15 de abril.<\/p>\n<p>&nbsp;<\/p>\n","protected":false},"excerpt":{"rendered":"<p>Divisi\u00f3n Empresas informa que, debido a la emergencia sanitaria, no se realizar\u00e1 el Curso de Manipulador de Alimentos en la ciudad de Rivera, previsto para los d\u00edas 14 y 15 de abril. &nbsp;<\/p>\n","protected":false},"author":2,"featured_media":1968,"comment_status":"open","ping_status":"open","sticky":false,"template":"","format":"standard","meta":{"footnotes":""},"categories":[1],"tags":[],"_links":{"self":[{"href":"https:\/\/www.rivera.gub.uy\/medioambiente\/wp-json\/wp\/v2\/posts\/1967"}],"collection":[{"href":"https:\/\/www.rivera.gub.uy\/medioambiente\/wp-json\/wp\/v2\/posts"}],"about":[{"href":"https:\/\/www.rivera.gub.uy\/medioambiente\/wp-json\/wp\/v2\/types\/post"}],"author":[{"embeddable":true,"href":"https:\/\/www.rivera.gub.uy\/medioambiente\/wp-json\/wp\/v2\/users\/2"}],"replies":[{"embeddable":true,"href":"https:\/\/www.rivera.gub.uy\/medioambiente\/wp-json\/wp\/v2\/comments?post=1967"}],"version-history":[{"count":1,"href":"https:\/\/www.rivera.gub.uy\/medioambiente\/wp-json\/wp\/v2\/posts\/1967\/revisions"}],"predecessor-version":[{"id":1969,"href":"https:\/\/www.rivera.gub.uy\/medioambiente\/wp-json\/wp\/v2\/posts\/1967\/revisions\/1969"}],"wp:featuredmedia":[{"embeddable":true,"href":"https:\/\/www.rivera.gub.uy\/medioambiente\/wp-json\/wp\/v2\/media\/1968"}],"wp:attachment":[{"href":"https:\/\/www.rivera.gub.uy\/medioambiente\/wp-json\/wp\/v2\/media?parent=1967"}],"wp:term":[{"taxonomy":"category","embeddable":true,"href":"https:\/\/www.rivera.gub.uy\/medioambiente\/wp-json\/wp\/v2\/categories?post=1967"},{"taxonomy":"post_tag","embeddable":true,"href":"https:\/\/www.rivera.gub.uy\/medioambiente\/wp-json\/wp\/v2\/tags?post=1967"}],"curies":[{"name":"wp","href":"https:\/\/api.w.org\/{rel}","templated":true}]}}