{"id":1978,"date":"2020-05-27T13:24:40","date_gmt":"2020-05-27T13:24:40","guid":{"rendered":"https:\/\/www.rivera.gub.uy\/medioambiente\/?p=1978"},"modified":"2020-05-27T13:24:40","modified_gmt":"2020-05-27T13:24:40","slug":"taller-de-liderazgo-para-empresas","status":"publish","type":"post","link":"https:\/\/www.rivera.gub.uy\/medioambiente\/taller-de-liderazgo-para-empresas\/","title":{"rendered":"Taller de Liderazgo para Empresas"},"content":{"rendered":"<p>V\u00eda Zoom, el Centro de Competitividad Empresarial de Rivera, realizar\u00e1 a partir del 1 de junio el \u00abTaller de Liderazgo para Empresas\u00bb.<\/p>\n<p>Dicho taller tendr\u00e1 lugar los d\u00edas lunes y mi\u00e9rcoles, de 18:30 a 20:30 horas.<\/p>\n<p>Inscripciones a trav\u00e9s del <a href=\"tel:+59892231677\" target=\"_blank\" rel=\"noopener noreferrer\">092231677<\/a><\/p>\n<p><!--more--><\/p>\n<p>&nbsp;<\/p>\n<p><a href=\"https:\/\/www.rivera.gub.uy\/medioambiente\/wp-content\/uploads\/2020\/05\/WhatsApp-Image-2020-05-25-at-12.47.42-PM.jpeg\"><img loading=\"lazy\" decoding=\"async\" class=\"aligncenter size-full wp-image-1979\" src=\"https:\/\/www.rivera.gub.uy\/medioambiente\/wp-content\/uploads\/2020\/05\/WhatsApp-Image-2020-05-25-at-12.47.42-PM.jpeg\" alt=\"\" width=\"800\" height=\"800\" srcset=\"https:\/\/www.rivera.gub.uy\/medioambiente\/wp-content\/uploads\/2020\/05\/WhatsApp-Image-2020-05-25-at-12.47.42-PM.jpeg 800w, https:\/\/www.rivera.gub.uy\/medioambiente\/wp-content\/uploads\/2020\/05\/WhatsApp-Image-2020-05-25-at-12.47.42-PM-300x300.jpeg 300w, https:\/\/www.rivera.gub.uy\/medioambiente\/wp-content\/uploads\/2020\/05\/WhatsApp-Image-2020-05-25-at-12.47.42-PM-150x150.jpeg 150w, https:\/\/www.rivera.gub.uy\/medioambiente\/wp-content\/uploads\/2020\/05\/WhatsApp-Image-2020-05-25-at-12.47.42-PM-768x768.jpeg 768w\" sizes=\"(max-width: 800px) 100vw, 800px\" \/><\/a><\/p>\n","protected":false},"excerpt":{"rendered":"<p>V\u00eda Zoom, el Centro de Competitividad Empresarial de Rivera, realizar\u00e1 a partir del 1 de junio el \u00abTaller de Liderazgo para Empresas\u00bb. Dicho taller tendr\u00e1 lugar los d\u00edas lunes y mi\u00e9rcoles, de 18:30 a 20:30 horas. Inscripciones a trav\u00e9s del 092231677<\/p>\n","protected":false},"author":2,"featured_media":1979,"comment_status":"open","ping_status":"open","sticky":false,"template":"","format":"standard","meta":{"footnotes":""},"categories":[1],"tags":[27,16,17,26],"_links":{"self":[{"href":"https:\/\/www.rivera.gub.uy\/medioambiente\/wp-json\/wp\/v2\/posts\/1978"}],"collection":[{"href":"https:\/\/www.rivera.gub.uy\/medioambiente\/wp-json\/wp\/v2\/posts"}],"about":[{"href":"https:\/\/www.rivera.gub.uy\/medioambiente\/wp-json\/wp\/v2\/types\/post"}],"author":[{"embeddable":true,"href":"https:\/\/www.rivera.gub.uy\/medioambiente\/wp-json\/wp\/v2\/users\/2"}],"replies":[{"embeddable":true,"href":"https:\/\/www.rivera.gub.uy\/medioambiente\/wp-json\/wp\/v2\/comments?post=1978"}],"version-history":[{"count":1,"href":"https:\/\/www.rivera.gub.uy\/medioambiente\/wp-json\/wp\/v2\/posts\/1978\/revisions"}],"predecessor-version":[{"id":1980,"href":"https:\/\/www.rivera.gub.uy\/medioambiente\/wp-json\/wp\/v2\/posts\/1978\/revisions\/1980"}],"wp:featuredmedia":[{"embeddable":true,"href":"https:\/\/www.rivera.gub.uy\/medioambiente\/wp-json\/wp\/v2\/media\/1979"}],"wp:attachment":[{"href":"https:\/\/www.rivera.gub.uy\/medioambiente\/wp-json\/wp\/v2\/media?parent=1978"}],"wp:term":[{"taxonomy":"category","embeddable":true,"href":"https:\/\/www.rivera.gub.uy\/medioambiente\/wp-json\/wp\/v2\/categories?post=1978"},{"taxonomy":"post_tag","embeddable":true,"href":"https:\/\/www.rivera.gub.uy\/medioambiente\/wp-json\/wp\/v2\/tags?post=1978"}],"curies":[{"name":"wp","href":"https:\/\/api.w.org\/{rel}","templated":true}]}}