{"id":1981,"date":"2020-06-01T13:36:22","date_gmt":"2020-06-01T13:36:22","guid":{"rendered":"https:\/\/www.rivera.gub.uy\/medioambiente\/?p=1981"},"modified":"2020-06-01T13:36:28","modified_gmt":"2020-06-01T13:36:28","slug":"red-territorial-de-apoyo-a-empresas-y-emprendedores-c-19","status":"publish","type":"post","link":"https:\/\/www.rivera.gub.uy\/medioambiente\/red-territorial-de-apoyo-a-empresas-y-emprendedores-c-19\/","title":{"rendered":"Red Territorial de apoyo a empresas y emprendedores C-19"},"content":{"rendered":"<p>La Intendencia Departamental de Rivera a trav\u00e9s de su Direcci\u00f3n general de Desarrollo y Medio ambiente, Unidad de Desarrollo-<a href=\"https:\/\/www.rivera.gub.uy\/medioambiente\/divisiones\/empresas\/\" target=\"_blank\" rel=\"noopener noreferrer\">Divisi\u00f3n Empresas<\/a>, es miembro de la <strong>Red Territorial de apoyo a empresas y emprendedores C-19<\/strong>.<\/p>\n<p>La activaci\u00f3n de esta red institucional tiene como objetivo principal mejorar el acceso a la informaci\u00f3n de medidas y dotarlos, durante este per\u00edodo cr\u00edtico, de mayores herramientas y apoyo institucional en su rol de ser difusor de medidas concretas, as\u00ed como apoyarlos en servicios de soporte a empresas y emprendedores.<\/p>\n<p><strong>Herramientas de apoyo (<a href=\"https:\/\/www.ande.org.uy\/herramientas-de-apoyo-a-mipymes.html\" target=\"_blank\" rel=\"noopener noreferrer\">ver<\/a>)\u00a0<\/strong><\/p>\n","protected":false},"excerpt":{"rendered":"<p>La Intendencia Departamental de Rivera a trav\u00e9s de su Direcci\u00f3n general de Desarrollo y Medio ambiente, Unidad de Desarrollo-Divisi\u00f3n Empresas, es miembro de la Red Territorial de apoyo a empresas y emprendedores C-19. La activaci\u00f3n de esta red institucional tiene como objetivo principal mejorar el acceso a la informaci\u00f3n de medidas y dotarlos, durante este [&hellip;]<\/p>\n","protected":false},"author":2,"featured_media":1968,"comment_status":"open","ping_status":"open","sticky":false,"template":"","format":"standard","meta":{"footnotes":""},"categories":[1],"tags":[27,128,16,129,17],"_links":{"self":[{"href":"https:\/\/www.rivera.gub.uy\/medioambiente\/wp-json\/wp\/v2\/posts\/1981"}],"collection":[{"href":"https:\/\/www.rivera.gub.uy\/medioambiente\/wp-json\/wp\/v2\/posts"}],"about":[{"href":"https:\/\/www.rivera.gub.uy\/medioambiente\/wp-json\/wp\/v2\/types\/post"}],"author":[{"embeddable":true,"href":"https:\/\/www.rivera.gub.uy\/medioambiente\/wp-json\/wp\/v2\/users\/2"}],"replies":[{"embeddable":true,"href":"https:\/\/www.rivera.gub.uy\/medioambiente\/wp-json\/wp\/v2\/comments?post=1981"}],"version-history":[{"count":4,"href":"https:\/\/www.rivera.gub.uy\/medioambiente\/wp-json\/wp\/v2\/posts\/1981\/revisions"}],"predecessor-version":[{"id":1986,"href":"https:\/\/www.rivera.gub.uy\/medioambiente\/wp-json\/wp\/v2\/posts\/1981\/revisions\/1986"}],"wp:featuredmedia":[{"embeddable":true,"href":"https:\/\/www.rivera.gub.uy\/medioambiente\/wp-json\/wp\/v2\/media\/1968"}],"wp:attachment":[{"href":"https:\/\/www.rivera.gub.uy\/medioambiente\/wp-json\/wp\/v2\/media?parent=1981"}],"wp:term":[{"taxonomy":"category","embeddable":true,"href":"https:\/\/www.rivera.gub.uy\/medioambiente\/wp-json\/wp\/v2\/categories?post=1981"},{"taxonomy":"post_tag","embeddable":true,"href":"https:\/\/www.rivera.gub.uy\/medioambiente\/wp-json\/wp\/v2\/tags?post=1981"}],"curies":[{"name":"wp","href":"https:\/\/api.w.org\/{rel}","templated":true}]}}