{"id":1997,"date":"2020-07-30T17:04:17","date_gmt":"2020-07-30T17:04:17","guid":{"rendered":"https:\/\/www.rivera.gub.uy\/medioambiente\/?p=1997"},"modified":"2020-07-30T17:04:22","modified_gmt":"2020-07-30T17:04:22","slug":"se-comienza-a-crear-el-observatorio-economico-de-rivera","status":"publish","type":"post","link":"https:\/\/www.rivera.gub.uy\/medioambiente\/se-comienza-a-crear-el-observatorio-economico-de-rivera\/","title":{"rendered":"Se comienza a crear el Observatorio Econ\u00f3mico de Rivera"},"content":{"rendered":"<p>En un esfuerzo conjunto ACIR, IDR, SFRR, UTEC y la ADR, se encuentran abocadas a la realizaci\u00f3n del primer Observatorio Econ\u00f3mico de nuestro departamento, quien es ejecutado por la consultora Grupo RADAR. Este proyecto es una iniciativa de la C\u00e1mara de Comercio y Servicios del Uruguay que se financia con fondos de AL-Invest (Cooperaci\u00f3n Europea), y que se viene implementado en otros departamentos.<!--more--><\/p>\n<p>El objetivo de este Observatorio es contar con informaci\u00f3n fidedigna sobre la evoluci\u00f3n de la actividad econ\u00f3mica del Departamento, tanto desde la compilaci\u00f3n de informaci\u00f3n de diferentes fuentes oficiales como desde la perspectiva de los propios empresarios del departamento mediante una encuesta peri\u00f3dica. La informaci\u00f3n relevada ser\u00e1 utilizada tanto para la definici\u00f3n de pol\u00edticas p\u00fablicas como para enfocar adecuadamente y optimizar las acciones de las gremiales empresariales hacia lo que realmente le importa a los actores locales.<\/p>\n<p>A modo de ejemplo: \u00bfcu\u00e1l es la evoluci\u00f3n del n\u00famero de puestos de trabajo y de la cantidad de empresas por sector de actividad? \u00bfCu\u00e1l es la evoluci\u00f3n del n\u00famero de solicitudes de subsidio por desempleo? \u00bfCu\u00e1l es la evoluci\u00f3n del n\u00famero de hect\u00e1reas destinadas al cultivo de arroz, o de la producci\u00f3n anual? \u00bfQu\u00e9 porcentaje de los empresarios del departamento ha pensado en cerrar su empresa? \u00bfCu\u00e1ntos han contratado o despedido personal o mandado al seguro de paro? \u00bfQu\u00e9 perspectivas tienen para el a\u00f1o en curso en cuanto a ingresos brutos, utilidades y proyectos? \u00bfCu\u00e1les son las principales dificultades que enfrentan los empresarios?<\/p>\n<p>El \u00e9xito de este Observatorio depende en gran medida de la colaboraci\u00f3n de todos los empresarios del Departamento, de todos los rubros y tama\u00f1os. Para ello, necesitamos que respondan una encuesta que ser\u00e1 elaborada por la consultora Grupo RADAR y les ser\u00e1 enviada pr\u00f3ximamente por correo electr\u00f3nico y\/o Whatsapp. Esta encuesta ser\u00e1 totalmente an\u00f3nima, ya que una vez completada ser\u00e1 imposible identificar a qu\u00e9 empresa corresponde cada respuesta. Grupo RADAR cuenta con m\u00e1s de 23 a\u00f1os de experiencia en este tipo de estudios y se compromete a mantener la m\u00e1s estricta confidencialidad de la informaci\u00f3n que le sea suministrada por los encuestados.<\/p>\n","protected":false},"excerpt":{"rendered":"<p>En un esfuerzo conjunto ACIR, IDR, SFRR, UTEC y la ADR, se encuentran abocadas a la realizaci\u00f3n del primer Observatorio Econ\u00f3mico de nuestro departamento, quien es ejecutado por la consultora Grupo RADAR. Este proyecto es una iniciativa de la C\u00e1mara de Comercio y Servicios del Uruguay que se financia con fondos de AL-Invest (Cooperaci\u00f3n Europea), [&hellip;]<\/p>\n","protected":false},"author":2,"featured_media":1998,"comment_status":"open","ping_status":"open","sticky":false,"template":"","format":"standard","meta":{"footnotes":""},"categories":[1],"tags":[132,134,16,133],"_links":{"self":[{"href":"https:\/\/www.rivera.gub.uy\/medioambiente\/wp-json\/wp\/v2\/posts\/1997"}],"collection":[{"href":"https:\/\/www.rivera.gub.uy\/medioambiente\/wp-json\/wp\/v2\/posts"}],"about":[{"href":"https:\/\/www.rivera.gub.uy\/medioambiente\/wp-json\/wp\/v2\/types\/post"}],"author":[{"embeddable":true,"href":"https:\/\/www.rivera.gub.uy\/medioambiente\/wp-json\/wp\/v2\/users\/2"}],"replies":[{"embeddable":true,"href":"https:\/\/www.rivera.gub.uy\/medioambiente\/wp-json\/wp\/v2\/comments?post=1997"}],"version-history":[{"count":1,"href":"https:\/\/www.rivera.gub.uy\/medioambiente\/wp-json\/wp\/v2\/posts\/1997\/revisions"}],"predecessor-version":[{"id":1999,"href":"https:\/\/www.rivera.gub.uy\/medioambiente\/wp-json\/wp\/v2\/posts\/1997\/revisions\/1999"}],"wp:featuredmedia":[{"embeddable":true,"href":"https:\/\/www.rivera.gub.uy\/medioambiente\/wp-json\/wp\/v2\/media\/1998"}],"wp:attachment":[{"href":"https:\/\/www.rivera.gub.uy\/medioambiente\/wp-json\/wp\/v2\/media?parent=1997"}],"wp:term":[{"taxonomy":"category","embeddable":true,"href":"https:\/\/www.rivera.gub.uy\/medioambiente\/wp-json\/wp\/v2\/categories?post=1997"},{"taxonomy":"post_tag","embeddable":true,"href":"https:\/\/www.rivera.gub.uy\/medioambiente\/wp-json\/wp\/v2\/tags?post=1997"}],"curies":[{"name":"wp","href":"https:\/\/api.w.org\/{rel}","templated":true}]}}