{"id":2015,"date":"2020-08-07T17:32:52","date_gmt":"2020-08-07T17:32:52","guid":{"rendered":"https:\/\/www.rivera.gub.uy\/medioambiente\/?p=2015"},"modified":"2020-08-13T17:16:31","modified_gmt":"2020-08-13T17:16:31","slug":"talleres-de-capacitacion-enmarcados-en-el-proyecto-afro-fronterizo","status":"publish","type":"post","link":"https:\/\/www.rivera.gub.uy\/medioambiente\/talleres-de-capacitacion-enmarcados-en-el-proyecto-afro-fronterizo\/","title":{"rendered":"Talleres de capacitaci\u00f3n enmarcados en el Proyecto Afro Fronterizo"},"content":{"rendered":"<p>La Oficina de Inclusi\u00f3n Social (DGDMA) de la IDR, dictar\u00e1 talleres de capacitaci\u00f3n enmarcados en el Proyecto Afro Fronterizo, a partir del 19 de agosto.<br \/>\nApoyado por OPP y gestionado por la ADR, los talleres ser\u00e1n dictados a los alumnos del Proyecto, pero adem\u00e1s, se abrir\u00e1n 15 cupos para mujeres afrodescendientes (requisito no excluyente).<\/p>\n<p><!--more--><\/p>\n<p>Los talleres se realizar\u00e1n los d\u00edas mi\u00e9rcoles, durante los meses de agosto y setiembre, de 13:30 a 15:30, en el Sal\u00f3n de Actos de la IDR.<\/p>\n<p>El primer Taller ser\u00e1 de Emprendedurismo y marketing, dictado por la Directora de la Oficina de Inclusi\u00f3n Social y Coordinadora del Proyecto Afro Fronterizo, T\u00e9c. Ximena Piqu\u00e9 Machado.<\/p>\n<p>Las inscripciones tendr\u00e1n lugar en el primer piso de la IDR (Oficina de Inclusi\u00f3n Social), de lunes a viernes de 08:30 a 12:00hs, hasta el lunes 17 de agosto del 2020.<\/p>\n<p>Talleres:<\/p>\n<ul>\n<li>Emprendedurismo y marketing \/ T\u00e9c. Ximena Piqu\u00e9 Machado<\/li>\n<li>Costos de Producci\u00f3n \/ Cra. Tiar\u00e9 Cardoso<\/li>\n<li>Comunicaci\u00f3n \/ Lic. Samia Abboud<\/li>\n<li>Redes Sociales y Fotograf\u00eda con enfoque en ventas \/ T\u00e9c. Alejandra Ferreira<\/li>\n<li>Oportunidades y Desaf\u00edos de la Ley 19.122 \/Jos\u00e9 Martinez<\/li>\n<\/ul>\n<p>&nbsp;<\/p>\n<p>Perfil de los postulantes:<\/p>\n<ul>\n<li>Mayores de 18 a\u00f1os<\/li>\n<li>Mujeres<\/li>\n<li>que tengan un emprendimiento actualmente<\/li>\n<li>que tengan una idea para empezar a emprender<\/li>\n<\/ul>\n<p>El sal\u00f3n de actos de la IDR contar\u00e1 con todos los protocolos departamentales de medidas sanitarias.<\/p>\n<p>&nbsp;<\/p>\n<div id='gallery-1' class='gallery galleryid-2015 gallery-columns-3 gallery-size-thumbnail'><figure class='gallery-item'>\n\t\t\t<div class='gallery-icon landscape'>\n\t\t\t\t<a href='https:\/\/www.rivera.gub.uy\/medioambiente\/wp-content\/uploads\/2020\/08\/WhatsApp-Image-2020-08-13-at-1.14.08-PM-1.jpeg'><img loading=\"lazy\" decoding=\"async\" width=\"150\" height=\"150\" src=\"https:\/\/www.rivera.gub.uy\/medioambiente\/wp-content\/uploads\/2020\/08\/WhatsApp-Image-2020-08-13-at-1.14.08-PM-1-150x150.jpeg\" class=\"attachment-thumbnail size-thumbnail\" alt=\"\" srcset=\"https:\/\/www.rivera.gub.uy\/medioambiente\/wp-content\/uploads\/2020\/08\/WhatsApp-Image-2020-08-13-at-1.14.08-PM-1-150x150.jpeg 150w, https:\/\/www.rivera.gub.uy\/medioambiente\/wp-content\/uploads\/2020\/08\/WhatsApp-Image-2020-08-13-at-1.14.08-PM-1-300x300.jpeg 300w, https:\/\/www.rivera.gub.uy\/medioambiente\/wp-content\/uploads\/2020\/08\/WhatsApp-Image-2020-08-13-at-1.14.08-PM-1-1024x1024.jpeg 1024w, https:\/\/www.rivera.gub.uy\/medioambiente\/wp-content\/uploads\/2020\/08\/WhatsApp-Image-2020-08-13-at-1.14.08-PM-1-768x768.jpeg 768w, https:\/\/www.rivera.gub.uy\/medioambiente\/wp-content\/uploads\/2020\/08\/WhatsApp-Image-2020-08-13-at-1.14.08-PM-1-820x820.jpeg 820w, https:\/\/www.rivera.gub.uy\/medioambiente\/wp-content\/uploads\/2020\/08\/WhatsApp-Image-2020-08-13-at-1.14.08-PM-1.jpeg 1080w\" sizes=\"(max-width: 150px) 100vw, 150px\" \/><\/a>\n\t\t\t<\/div><\/figure><figure class='gallery-item'>\n\t\t\t<div class='gallery-icon portrait'>\n\t\t\t\t<a href='https:\/\/www.rivera.gub.uy\/medioambiente\/wp-content\/uploads\/2020\/08\/WhatsApp-Image-2020-08-13-at-1.14.08-PM.jpeg'><img loading=\"lazy\" decoding=\"async\" width=\"150\" height=\"150\" src=\"https:\/\/www.rivera.gub.uy\/medioambiente\/wp-content\/uploads\/2020\/08\/WhatsApp-Image-2020-08-13-at-1.14.08-PM-150x150.jpeg\" class=\"attachment-thumbnail size-thumbnail\" alt=\"\" srcset=\"https:\/\/www.rivera.gub.uy\/medioambiente\/wp-content\/uploads\/2020\/08\/WhatsApp-Image-2020-08-13-at-1.14.08-PM-150x150.jpeg 150w, https:\/\/www.rivera.gub.uy\/medioambiente\/wp-content\/uploads\/2020\/08\/WhatsApp-Image-2020-08-13-at-1.14.08-PM-300x300.jpeg 300w, https:\/\/www.rivera.gub.uy\/medioambiente\/wp-content\/uploads\/2020\/08\/WhatsApp-Image-2020-08-13-at-1.14.08-PM-1022x1024.jpeg 1022w, https:\/\/www.rivera.gub.uy\/medioambiente\/wp-content\/uploads\/2020\/08\/WhatsApp-Image-2020-08-13-at-1.14.08-PM-768x769.jpeg 768w, https:\/\/www.rivera.gub.uy\/medioambiente\/wp-content\/uploads\/2020\/08\/WhatsApp-Image-2020-08-13-at-1.14.08-PM-820x822.jpeg 820w, https:\/\/www.rivera.gub.uy\/medioambiente\/wp-content\/uploads\/2020\/08\/WhatsApp-Image-2020-08-13-at-1.14.08-PM.jpeg 1080w\" sizes=\"(max-width: 150px) 100vw, 150px\" \/><\/a>\n\t\t\t<\/div><\/figure><figure class='gallery-item'>\n\t\t\t<div class='gallery-icon landscape'>\n\t\t\t\t<a href='https:\/\/www.rivera.gub.uy\/medioambiente\/wp-content\/uploads\/2020\/08\/WhatsApp-Image-2020-08-13-at-1.14.07-PM.jpeg'><img loading=\"lazy\" decoding=\"async\" width=\"150\" height=\"150\" src=\"https:\/\/www.rivera.gub.uy\/medioambiente\/wp-content\/uploads\/2020\/08\/WhatsApp-Image-2020-08-13-at-1.14.07-PM-150x150.jpeg\" class=\"attachment-thumbnail size-thumbnail\" alt=\"\" srcset=\"https:\/\/www.rivera.gub.uy\/medioambiente\/wp-content\/uploads\/2020\/08\/WhatsApp-Image-2020-08-13-at-1.14.07-PM-150x150.jpeg 150w, https:\/\/www.rivera.gub.uy\/medioambiente\/wp-content\/uploads\/2020\/08\/WhatsApp-Image-2020-08-13-at-1.14.07-PM-300x300.jpeg 300w, https:\/\/www.rivera.gub.uy\/medioambiente\/wp-content\/uploads\/2020\/08\/WhatsApp-Image-2020-08-13-at-1.14.07-PM-1024x1024.jpeg 1024w, https:\/\/www.rivera.gub.uy\/medioambiente\/wp-content\/uploads\/2020\/08\/WhatsApp-Image-2020-08-13-at-1.14.07-PM-768x768.jpeg 768w, https:\/\/www.rivera.gub.uy\/medioambiente\/wp-content\/uploads\/2020\/08\/WhatsApp-Image-2020-08-13-at-1.14.07-PM-820x820.jpeg 820w, https:\/\/www.rivera.gub.uy\/medioambiente\/wp-content\/uploads\/2020\/08\/WhatsApp-Image-2020-08-13-at-1.14.07-PM.jpeg 1080w\" sizes=\"(max-width: 150px) 100vw, 150px\" \/><\/a>\n\t\t\t<\/div><\/figure>\n\t\t<\/div>\n\n<p>&nbsp;<\/p>\n","protected":false},"excerpt":{"rendered":"<p>La Oficina de Inclusi\u00f3n Social (DGDMA) de la IDR, dictar\u00e1 talleres de capacitaci\u00f3n enmarcados en el Proyecto Afro Fronterizo, a partir del 19 de agosto. Apoyado por OPP y gestionado por la ADR, los talleres ser\u00e1n dictados a los alumnos del Proyecto, pero adem\u00e1s, se abrir\u00e1n 15 cupos para mujeres afrodescendientes (requisito no excluyente).<\/p>\n","protected":false},"author":2,"featured_media":2042,"comment_status":"open","ping_status":"open","sticky":false,"template":"","format":"standard","meta":{"footnotes":""},"categories":[1],"tags":[138,16,17],"_links":{"self":[{"href":"https:\/\/www.rivera.gub.uy\/medioambiente\/wp-json\/wp\/v2\/posts\/2015"}],"collection":[{"href":"https:\/\/www.rivera.gub.uy\/medioambiente\/wp-json\/wp\/v2\/posts"}],"about":[{"href":"https:\/\/www.rivera.gub.uy\/medioambiente\/wp-json\/wp\/v2\/types\/post"}],"author":[{"embeddable":true,"href":"https:\/\/www.rivera.gub.uy\/medioambiente\/wp-json\/wp\/v2\/users\/2"}],"replies":[{"embeddable":true,"href":"https:\/\/www.rivera.gub.uy\/medioambiente\/wp-json\/wp\/v2\/comments?post=2015"}],"version-history":[{"count":12,"href":"https:\/\/www.rivera.gub.uy\/medioambiente\/wp-json\/wp\/v2\/posts\/2015\/revisions"}],"predecessor-version":[{"id":2041,"href":"https:\/\/www.rivera.gub.uy\/medioambiente\/wp-json\/wp\/v2\/posts\/2015\/revisions\/2041"}],"wp:featuredmedia":[{"embeddable":true,"href":"https:\/\/www.rivera.gub.uy\/medioambiente\/wp-json\/wp\/v2\/media\/2042"}],"wp:attachment":[{"href":"https:\/\/www.rivera.gub.uy\/medioambiente\/wp-json\/wp\/v2\/media?parent=2015"}],"wp:term":[{"taxonomy":"category","embeddable":true,"href":"https:\/\/www.rivera.gub.uy\/medioambiente\/wp-json\/wp\/v2\/categories?post=2015"},{"taxonomy":"post_tag","embeddable":true,"href":"https:\/\/www.rivera.gub.uy\/medioambiente\/wp-json\/wp\/v2\/tags?post=2015"}],"curies":[{"name":"wp","href":"https:\/\/api.w.org\/{rel}","templated":true}]}}