{"id":2045,"date":"2020-08-28T21:17:31","date_gmt":"2020-08-28T21:17:31","guid":{"rendered":"https:\/\/www.rivera.gub.uy\/medioambiente\/?p=2045"},"modified":"2020-08-28T21:26:30","modified_gmt":"2020-08-28T21:26:30","slug":"lanzamiento-del-mapa-del-ecosistema-de-innovacion-de-la-frontera","status":"publish","type":"post","link":"https:\/\/www.rivera.gub.uy\/medioambiente\/lanzamiento-del-mapa-del-ecosistema-de-innovacion-de-la-frontera\/","title":{"rendered":"WEBINAR: Lanzamiento del Mapa del Ecosistema de Innovaci\u00f3n de la Frontera"},"content":{"rendered":"<p>Este mi\u00e9rcoles 2 de setiembre, a las 14 horas, tendr\u00e1 lugar la primera Webinar: \u00abLanzamiento del Mapa del Ecosistema de Innovaci\u00f3n de la Frontera\u00bb, cuya transmisi\u00f3n se realizar\u00e1 a trav\u00e9s del <a href=\"https:\/\/www.youtube.com\/channel\/UC6p0TCY8JtOVzuH_TjSy4VQ\/featured\" target=\"_blank\" rel=\"noopener noreferrer\">canal de Youtube de UTEC<\/a>. <!--more--><\/p>\n<p>La mesa de apertura contar\u00e1 con la presencia de autoridades de UTEC, ANDE, Unipampa e IDR.<\/p>\n<p>Este evento se realiza en el marco del ciclo de charlas \u00abDesarrollo del Ecosistema de Innovaci\u00f3n: Frontera Rivera &#8211; Livramento\u00bb.<\/p>\n<p>&nbsp;<\/p>\n<p><a href=\"https:\/\/www.rivera.gub.uy\/medioambiente\/wp-content\/uploads\/2020\/08\/WhatsApp-Image-2020-08-28-at-5.51.40-PM.jpeg\"><img loading=\"lazy\" decoding=\"async\" class=\"aligncenter wp-image-2046 size-large\" src=\"https:\/\/www.rivera.gub.uy\/medioambiente\/wp-content\/uploads\/2020\/08\/WhatsApp-Image-2020-08-28-at-5.51.40-PM-723x1024.jpeg\" alt=\"\" width=\"723\" height=\"1024\" srcset=\"https:\/\/www.rivera.gub.uy\/medioambiente\/wp-content\/uploads\/2020\/08\/WhatsApp-Image-2020-08-28-at-5.51.40-PM-723x1024.jpeg 723w, https:\/\/www.rivera.gub.uy\/medioambiente\/wp-content\/uploads\/2020\/08\/WhatsApp-Image-2020-08-28-at-5.51.40-PM-212x300.jpeg 212w, https:\/\/www.rivera.gub.uy\/medioambiente\/wp-content\/uploads\/2020\/08\/WhatsApp-Image-2020-08-28-at-5.51.40-PM-768x1087.jpeg 768w, https:\/\/www.rivera.gub.uy\/medioambiente\/wp-content\/uploads\/2020\/08\/WhatsApp-Image-2020-08-28-at-5.51.40-PM-820x1161.jpeg 820w, https:\/\/www.rivera.gub.uy\/medioambiente\/wp-content\/uploads\/2020\/08\/WhatsApp-Image-2020-08-28-at-5.51.40-PM.jpeg 842w\" sizes=\"(max-width: 723px) 100vw, 723px\" \/><\/a><\/p>\n<p>&nbsp;<\/p>\n","protected":false},"excerpt":{"rendered":"<p>Este mi\u00e9rcoles 2 de setiembre, a las 14 horas, tendr\u00e1 lugar la primera Webinar: \u00abLanzamiento del Mapa del Ecosistema de Innovaci\u00f3n de la Frontera\u00bb, cuya transmisi\u00f3n se realizar\u00e1 a trav\u00e9s del canal de Youtube de UTEC.<\/p>\n","protected":false},"author":2,"featured_media":2049,"comment_status":"open","ping_status":"open","sticky":false,"template":"","format":"standard","meta":{"footnotes":""},"categories":[1],"tags":[20,140,27,19,25],"_links":{"self":[{"href":"https:\/\/www.rivera.gub.uy\/medioambiente\/wp-json\/wp\/v2\/posts\/2045"}],"collection":[{"href":"https:\/\/www.rivera.gub.uy\/medioambiente\/wp-json\/wp\/v2\/posts"}],"about":[{"href":"https:\/\/www.rivera.gub.uy\/medioambiente\/wp-json\/wp\/v2\/types\/post"}],"author":[{"embeddable":true,"href":"https:\/\/www.rivera.gub.uy\/medioambiente\/wp-json\/wp\/v2\/users\/2"}],"replies":[{"embeddable":true,"href":"https:\/\/www.rivera.gub.uy\/medioambiente\/wp-json\/wp\/v2\/comments?post=2045"}],"version-history":[{"count":2,"href":"https:\/\/www.rivera.gub.uy\/medioambiente\/wp-json\/wp\/v2\/posts\/2045\/revisions"}],"predecessor-version":[{"id":2050,"href":"https:\/\/www.rivera.gub.uy\/medioambiente\/wp-json\/wp\/v2\/posts\/2045\/revisions\/2050"}],"wp:featuredmedia":[{"embeddable":true,"href":"https:\/\/www.rivera.gub.uy\/medioambiente\/wp-json\/wp\/v2\/media\/2049"}],"wp:attachment":[{"href":"https:\/\/www.rivera.gub.uy\/medioambiente\/wp-json\/wp\/v2\/media?parent=2045"}],"wp:term":[{"taxonomy":"category","embeddable":true,"href":"https:\/\/www.rivera.gub.uy\/medioambiente\/wp-json\/wp\/v2\/categories?post=2045"},{"taxonomy":"post_tag","embeddable":true,"href":"https:\/\/www.rivera.gub.uy\/medioambiente\/wp-json\/wp\/v2\/tags?post=2045"}],"curies":[{"name":"wp","href":"https:\/\/api.w.org\/{rel}","templated":true}]}}