{"id":2053,"date":"2020-09-04T14:46:44","date_gmt":"2020-09-04T14:46:44","guid":{"rendered":"https:\/\/www.rivera.gub.uy\/medioambiente\/?p=2053"},"modified":"2020-09-04T14:46:50","modified_gmt":"2020-09-04T14:46:50","slug":"cowork-rivera-innovacion-y-desarrollo","status":"publish","type":"post","link":"https:\/\/www.rivera.gub.uy\/medioambiente\/cowork-rivera-innovacion-y-desarrollo\/","title":{"rendered":"Cowork Rivera: Innovaci\u00f3n y Desarrollo"},"content":{"rendered":"<p>Se lanz\u00f3 el Mapa de Ecosistema de Innovaci\u00f3n de la Frontera Rivera- Livramento, en el marco del Proyecto Bienes P\u00fablicos para la competitividad de ANDE, \u00abCowork Rivera: Innovaci\u00f3n y Desarrollo\u00bb, impulsado y desarrollado por IDR,UTEC,UTU y ARKANO, con la participaci\u00f3n de UFSC y Estaci\u00f3n V\u00cdA, con el fin de fomentar el ecosistema de la regi\u00f3n.<\/p>\n<p>Este encuentro se realiz\u00f3 mediante plataforma ZOOM y con transmisi\u00f3n en vivo, por YOUTUBE, el pasado 2 se setiembre. <!--more--><\/p>\n<p>&nbsp;<\/p>\n<p><iframe loading=\"lazy\" title=\"Lanzamiento del Mapa del Ecosistema de Innovaci\u00f3n de la Frontera\" width=\"1160\" height=\"653\" src=\"https:\/\/www.youtube.com\/embed\/eM5J_hahtFA?start=1204&#038;feature=oembed\" frameborder=\"0\" allow=\"accelerometer; autoplay; encrypted-media; gyroscope; picture-in-picture\" allowfullscreen><\/iframe><\/p>\n","protected":false},"excerpt":{"rendered":"<p>Se lanz\u00f3 el Mapa de Ecosistema de Innovaci\u00f3n de la Frontera Rivera- Livramento, en el marco del Proyecto Bienes P\u00fablicos para la competitividad de ANDE, \u00abCowork Rivera: Innovaci\u00f3n y Desarrollo\u00bb, impulsado y desarrollado por IDR,UTEC,UTU y ARKANO, con la participaci\u00f3n de UFSC y Estaci\u00f3n V\u00cdA, con el fin de fomentar el ecosistema de la regi\u00f3n. [&hellip;]<\/p>\n","protected":false},"author":2,"featured_media":2049,"comment_status":"open","ping_status":"open","sticky":false,"template":"","format":"standard","meta":{"footnotes":""},"categories":[1],"tags":[85,140,141,17],"_links":{"self":[{"href":"https:\/\/www.rivera.gub.uy\/medioambiente\/wp-json\/wp\/v2\/posts\/2053"}],"collection":[{"href":"https:\/\/www.rivera.gub.uy\/medioambiente\/wp-json\/wp\/v2\/posts"}],"about":[{"href":"https:\/\/www.rivera.gub.uy\/medioambiente\/wp-json\/wp\/v2\/types\/post"}],"author":[{"embeddable":true,"href":"https:\/\/www.rivera.gub.uy\/medioambiente\/wp-json\/wp\/v2\/users\/2"}],"replies":[{"embeddable":true,"href":"https:\/\/www.rivera.gub.uy\/medioambiente\/wp-json\/wp\/v2\/comments?post=2053"}],"version-history":[{"count":2,"href":"https:\/\/www.rivera.gub.uy\/medioambiente\/wp-json\/wp\/v2\/posts\/2053\/revisions"}],"predecessor-version":[{"id":2055,"href":"https:\/\/www.rivera.gub.uy\/medioambiente\/wp-json\/wp\/v2\/posts\/2053\/revisions\/2055"}],"wp:featuredmedia":[{"embeddable":true,"href":"https:\/\/www.rivera.gub.uy\/medioambiente\/wp-json\/wp\/v2\/media\/2049"}],"wp:attachment":[{"href":"https:\/\/www.rivera.gub.uy\/medioambiente\/wp-json\/wp\/v2\/media?parent=2053"}],"wp:term":[{"taxonomy":"category","embeddable":true,"href":"https:\/\/www.rivera.gub.uy\/medioambiente\/wp-json\/wp\/v2\/categories?post=2053"},{"taxonomy":"post_tag","embeddable":true,"href":"https:\/\/www.rivera.gub.uy\/medioambiente\/wp-json\/wp\/v2\/tags?post=2053"}],"curies":[{"name":"wp","href":"https:\/\/api.w.org\/{rel}","templated":true}]}}