{"id":2061,"date":"2020-09-17T12:58:39","date_gmt":"2020-09-17T12:58:39","guid":{"rendered":"https:\/\/www.rivera.gub.uy\/medioambiente\/?p=2061"},"modified":"2020-09-21T13:00:45","modified_gmt":"2020-09-21T13:00:45","slug":"cowork-rivera-innovacion-y-desarrollo-2","status":"publish","type":"post","link":"https:\/\/www.rivera.gub.uy\/medioambiente\/cowork-rivera-innovacion-y-desarrollo-2\/","title":{"rendered":"\u00abCowork Rivera: Innovaci\u00f3n y Desarrollo\u00bb"},"content":{"rendered":"<p>En el marco del Proyecto Bienes P\u00fablicos para la competitividad de ANDE, \u00abCowork Rivera: Innovaci\u00f3n y Desarrollo\u00bb, impulsado y desarrollado por IDR,UTEC,UTU y ARKANO, con la participaci\u00f3n de UFSC y Estaci\u00f3n V\u00cdA, se realizar\u00e1 la charla Smart Business Transformation, \u00bfC\u00f3mo gestionar para crear innovaci\u00f3n que entregue valor agregado al negocio del Agro?.<\/p>\n<p>Esta charla tendr\u00e1 lugar el martes 22 de septiembre y estar\u00e1 dirigida por Alexis Barbitta, MBA y Senior IT Manager en UPM<br \/>\nEn este evento brindaremos consejos y pr\u00e1cticas funcionales a los productores del sector agr\u00edcola y forestal para ayudarlos a gestionar y digitalizar sus operaciones.<\/p>\n<p>Inscripciones ingresando al link:<\/p>\n<p><a href=\"https:\/\/www.eventbrite.es\/e\/entradas-smart-business-transformation-119927529469\">https:\/\/www.eventbrite.es\/e\/entradas-smart-business-transformation-119927529469<\/a><\/p>\n","protected":false},"excerpt":{"rendered":"<p>En el marco del Proyecto Bienes P\u00fablicos para la competitividad de ANDE, \u00abCowork Rivera: Innovaci\u00f3n y Desarrollo\u00bb, impulsado y desarrollado por IDR,UTEC,UTU y ARKANO, con la participaci\u00f3n de UFSC y Estaci\u00f3n V\u00cdA, se realizar\u00e1 la charla Smart Business Transformation, \u00bfC\u00f3mo gestionar para crear innovaci\u00f3n que entregue valor agregado al negocio del Agro?. Esta charla tendr\u00e1 [&hellip;]<\/p>\n","protected":false},"author":2,"featured_media":1968,"comment_status":"open","ping_status":"open","sticky":false,"template":"","format":"standard","meta":{"footnotes":""},"categories":[1],"tags":[],"_links":{"self":[{"href":"https:\/\/www.rivera.gub.uy\/medioambiente\/wp-json\/wp\/v2\/posts\/2061"}],"collection":[{"href":"https:\/\/www.rivera.gub.uy\/medioambiente\/wp-json\/wp\/v2\/posts"}],"about":[{"href":"https:\/\/www.rivera.gub.uy\/medioambiente\/wp-json\/wp\/v2\/types\/post"}],"author":[{"embeddable":true,"href":"https:\/\/www.rivera.gub.uy\/medioambiente\/wp-json\/wp\/v2\/users\/2"}],"replies":[{"embeddable":true,"href":"https:\/\/www.rivera.gub.uy\/medioambiente\/wp-json\/wp\/v2\/comments?post=2061"}],"version-history":[{"count":1,"href":"https:\/\/www.rivera.gub.uy\/medioambiente\/wp-json\/wp\/v2\/posts\/2061\/revisions"}],"predecessor-version":[{"id":2062,"href":"https:\/\/www.rivera.gub.uy\/medioambiente\/wp-json\/wp\/v2\/posts\/2061\/revisions\/2062"}],"wp:featuredmedia":[{"embeddable":true,"href":"https:\/\/www.rivera.gub.uy\/medioambiente\/wp-json\/wp\/v2\/media\/1968"}],"wp:attachment":[{"href":"https:\/\/www.rivera.gub.uy\/medioambiente\/wp-json\/wp\/v2\/media?parent=2061"}],"wp:term":[{"taxonomy":"category","embeddable":true,"href":"https:\/\/www.rivera.gub.uy\/medioambiente\/wp-json\/wp\/v2\/categories?post=2061"},{"taxonomy":"post_tag","embeddable":true,"href":"https:\/\/www.rivera.gub.uy\/medioambiente\/wp-json\/wp\/v2\/tags?post=2061"}],"curies":[{"name":"wp","href":"https:\/\/api.w.org\/{rel}","templated":true}]}}