{"id":2063,"date":"2020-09-21T17:14:08","date_gmt":"2020-09-21T17:14:08","guid":{"rendered":"https:\/\/www.rivera.gub.uy\/medioambiente\/?p=2063"},"modified":"2020-09-21T17:14:08","modified_gmt":"2020-09-21T17:14:08","slug":"programa-diseno-2021","status":"publish","type":"post","link":"https:\/\/www.rivera.gub.uy\/medioambiente\/programa-diseno-2021\/","title":{"rendered":"Programa Dise\u00f1o 2021"},"content":{"rendered":"<p>La Sra. Intendente Alma Galup, junto a Ximena Piqu\u00e9 Machado Directora de la Oficina de Inclusi\u00f3n Social, recibi\u00f3 a las Mujeres Emprendedoras que participan del Programa Dise\u00f1o 2021, a trav\u00e9s de un convenio de la IDR con la Agencia de Desarrollo.<\/p>\n<p>El mismo est\u00e1 dirigido a Mujeres Emprendedoras de Rivera, en esta instancia participan las Mujeres Rurales de Flordelana, con sus prendas en lanas, y Andrea Camardo, con su emprendimiento familiar en Guasquer\u00eda.<!--more--><\/p>\n<p>\u00abEstamos trabajando junto a la Dise\u00f1adora Mar\u00eda Jos\u00e9 Romero en una l\u00ednea inspirada en nuestra cultura, pero atentos a las tendencias regionales de la moda. Destacamos tambi\u00e9n la complementariedad de las l\u00edneas de productos; por ejemplo: Ruanas con cintos en trenzas de cuero y carteras de cuero con detalles en telares, entre otras propuestas que se est\u00e1n evaluando\u00bb. Expres\u00f3 la Directora Ximena Piqu\u00e9.<\/p>\n<p>Pr\u00f3ximamente se sumar\u00e1n a la propuesta otras mujeres rurales de otra zona del departamento, con el fin de seguir este trabajo de valorizaci\u00f3n de productos locales y que sean reconocidos en todo el Uruguay y en mercados internacionales.<\/p>\n<p>&nbsp;<\/p>\n<div id='gallery-1' class='gallery galleryid-2063 gallery-columns-2 gallery-size-medium'><figure class='gallery-item'>\n\t\t\t<div class='gallery-icon landscape'>\n\t\t\t\t<a href='https:\/\/www.rivera.gub.uy\/medioambiente\/wp-content\/uploads\/2020\/09\/dise\u00f1o-2012-is2-scaled.jpg'><img loading=\"lazy\" decoding=\"async\" width=\"300\" height=\"200\" src=\"https:\/\/www.rivera.gub.uy\/medioambiente\/wp-content\/uploads\/2020\/09\/dise\u00f1o-2012-is2-300x200.jpg\" class=\"attachment-medium size-medium\" alt=\"\" srcset=\"https:\/\/www.rivera.gub.uy\/medioambiente\/wp-content\/uploads\/2020\/09\/dise\u00f1o-2012-is2-300x200.jpg 300w, https:\/\/www.rivera.gub.uy\/medioambiente\/wp-content\/uploads\/2020\/09\/dise\u00f1o-2012-is2-1024x683.jpg 1024w, https:\/\/www.rivera.gub.uy\/medioambiente\/wp-content\/uploads\/2020\/09\/dise\u00f1o-2012-is2-768x512.jpg 768w, https:\/\/www.rivera.gub.uy\/medioambiente\/wp-content\/uploads\/2020\/09\/dise\u00f1o-2012-is2-1536x1024.jpg 1536w, https:\/\/www.rivera.gub.uy\/medioambiente\/wp-content\/uploads\/2020\/09\/dise\u00f1o-2012-is2-2048x1365.jpg 2048w, https:\/\/www.rivera.gub.uy\/medioambiente\/wp-content\/uploads\/2020\/09\/dise\u00f1o-2012-is2-600x400.jpg 600w, https:\/\/www.rivera.gub.uy\/medioambiente\/wp-content\/uploads\/2020\/09\/dise\u00f1o-2012-is2-820x547.jpg 820w, https:\/\/www.rivera.gub.uy\/medioambiente\/wp-content\/uploads\/2020\/09\/dise\u00f1o-2012-is2-272x182.jpg 272w\" sizes=\"(max-width: 300px) 100vw, 300px\" \/><\/a>\n\t\t\t<\/div><\/figure><figure class='gallery-item'>\n\t\t\t<div class='gallery-icon landscape'>\n\t\t\t\t<a href='https:\/\/www.rivera.gub.uy\/medioambiente\/wp-content\/uploads\/2020\/09\/dise\u00f1o-2012-is-scaled.jpg'><img loading=\"lazy\" decoding=\"async\" width=\"300\" height=\"200\" src=\"https:\/\/www.rivera.gub.uy\/medioambiente\/wp-content\/uploads\/2020\/09\/dise\u00f1o-2012-is-300x200.jpg\" class=\"attachment-medium size-medium\" alt=\"\" srcset=\"https:\/\/www.rivera.gub.uy\/medioambiente\/wp-content\/uploads\/2020\/09\/dise\u00f1o-2012-is-300x200.jpg 300w, https:\/\/www.rivera.gub.uy\/medioambiente\/wp-content\/uploads\/2020\/09\/dise\u00f1o-2012-is-1024x683.jpg 1024w, https:\/\/www.rivera.gub.uy\/medioambiente\/wp-content\/uploads\/2020\/09\/dise\u00f1o-2012-is-768x512.jpg 768w, https:\/\/www.rivera.gub.uy\/medioambiente\/wp-content\/uploads\/2020\/09\/dise\u00f1o-2012-is-1536x1024.jpg 1536w, https:\/\/www.rivera.gub.uy\/medioambiente\/wp-content\/uploads\/2020\/09\/dise\u00f1o-2012-is-2048x1365.jpg 2048w, https:\/\/www.rivera.gub.uy\/medioambiente\/wp-content\/uploads\/2020\/09\/dise\u00f1o-2012-is-600x400.jpg 600w, https:\/\/www.rivera.gub.uy\/medioambiente\/wp-content\/uploads\/2020\/09\/dise\u00f1o-2012-is-820x547.jpg 820w, https:\/\/www.rivera.gub.uy\/medioambiente\/wp-content\/uploads\/2020\/09\/dise\u00f1o-2012-is-272x182.jpg 272w\" sizes=\"(max-width: 300px) 100vw, 300px\" \/><\/a>\n\t\t\t<\/div><\/figure>\n\t\t<\/div>\n\n","protected":false},"excerpt":{"rendered":"<p>La Sra. Intendente Alma Galup, junto a Ximena Piqu\u00e9 Machado Directora de la Oficina de Inclusi\u00f3n Social, recibi\u00f3 a las Mujeres Emprendedoras que participan del Programa Dise\u00f1o 2021, a trav\u00e9s de un convenio de la IDR con la Agencia de Desarrollo. El mismo est\u00e1 dirigido a Mujeres Emprendedoras de Rivera, en esta instancia participan las [&hellip;]<\/p>\n","protected":false},"author":2,"featured_media":2066,"comment_status":"open","ping_status":"open","sticky":false,"template":"","format":"standard","meta":{"footnotes":""},"categories":[1],"tags":[],"_links":{"self":[{"href":"https:\/\/www.rivera.gub.uy\/medioambiente\/wp-json\/wp\/v2\/posts\/2063"}],"collection":[{"href":"https:\/\/www.rivera.gub.uy\/medioambiente\/wp-json\/wp\/v2\/posts"}],"about":[{"href":"https:\/\/www.rivera.gub.uy\/medioambiente\/wp-json\/wp\/v2\/types\/post"}],"author":[{"embeddable":true,"href":"https:\/\/www.rivera.gub.uy\/medioambiente\/wp-json\/wp\/v2\/users\/2"}],"replies":[{"embeddable":true,"href":"https:\/\/www.rivera.gub.uy\/medioambiente\/wp-json\/wp\/v2\/comments?post=2063"}],"version-history":[{"count":1,"href":"https:\/\/www.rivera.gub.uy\/medioambiente\/wp-json\/wp\/v2\/posts\/2063\/revisions"}],"predecessor-version":[{"id":2067,"href":"https:\/\/www.rivera.gub.uy\/medioambiente\/wp-json\/wp\/v2\/posts\/2063\/revisions\/2067"}],"wp:featuredmedia":[{"embeddable":true,"href":"https:\/\/www.rivera.gub.uy\/medioambiente\/wp-json\/wp\/v2\/media\/2066"}],"wp:attachment":[{"href":"https:\/\/www.rivera.gub.uy\/medioambiente\/wp-json\/wp\/v2\/media?parent=2063"}],"wp:term":[{"taxonomy":"category","embeddable":true,"href":"https:\/\/www.rivera.gub.uy\/medioambiente\/wp-json\/wp\/v2\/categories?post=2063"},{"taxonomy":"post_tag","embeddable":true,"href":"https:\/\/www.rivera.gub.uy\/medioambiente\/wp-json\/wp\/v2\/tags?post=2063"}],"curies":[{"name":"wp","href":"https:\/\/api.w.org\/{rel}","templated":true}]}}