{"id":2072,"date":"2020-10-07T12:43:50","date_gmt":"2020-10-07T12:43:50","guid":{"rendered":"https:\/\/www.rivera.gub.uy\/medioambiente\/?p=2072"},"modified":"2020-10-07T12:54:25","modified_gmt":"2020-10-07T12:54:25","slug":"feria-de-primavera","status":"publish","type":"post","link":"https:\/\/www.rivera.gub.uy\/medioambiente\/feria-de-primavera\/","title":{"rendered":"Feria de Primavera"},"content":{"rendered":"<p>Este 9,10 y 11 de octubre, se realizar\u00e1 la \u00abFeria de Primavera\u00bb en la Sala Cultural de Antel, que contar\u00e1 con presencia de artistas\u00a0de renombre como el guasquero Kandy Olivera, Ariel Rodr\u00edguez, que trabaja con plater\u00eda criolla, el artista Pl\u00e1stico Guillermo Laguna (obra Dragones de Plaza Insausti \u2013 Rivera y esculturas del Bosque de cin\u00e9tica y viento \u2013 Plaza 22 de Julio \u2013 Tranqueras), y luthiers del proyecto Afro Fronterizo.<!--more--><\/p>\n<p>El evento, organizado por Mujeres Empresarias y Profesionales de Rivera (MEPRI), con el apoyo de la Oficina de Inclusi\u00f3n Social de la IDR, contar\u00e1 con 21 stands, con dos metros de distancia entre ellos, dispuestos de tal manera que se puedan recorrer en un solo sentido, con una puerta de entrada y otra de salida.<\/p>\n<p>Cada jornada contar\u00e1 con diversas actividades culturales, organizadas por divisi\u00f3n Cultura de la IDR, las que incluyen la presentaci\u00f3n de escolas de samba, lubolos y bandas Marciales.<\/p>\n<p>&nbsp;<\/p>\n<p><iframe loading=\"lazy\" title=\"Feria de Primavera 2020\" width=\"1160\" height=\"870\" src=\"https:\/\/www.youtube.com\/embed\/laaf5DOaZ5s?feature=oembed\" frameborder=\"0\" allow=\"accelerometer; autoplay; clipboard-write; encrypted-media; gyroscope; picture-in-picture\" allowfullscreen><\/iframe><\/p>\n<p>&nbsp;<\/p>\n<p><strong>Protocolo:\u00a0<\/strong><\/p>\n<p>&nbsp;<\/p>\n<p><iframe loading=\"lazy\" title=\"Protocolo para la Feria de la Primavera\" width=\"1160\" height=\"653\" src=\"https:\/\/www.youtube.com\/embed\/JfmkMW4UIJo?feature=oembed\" frameborder=\"0\" allow=\"accelerometer; autoplay; clipboard-write; encrypted-media; gyroscope; picture-in-picture\" allowfullscreen><\/iframe><\/p>\n","protected":false},"excerpt":{"rendered":"<p>Este 9,10 y 11 de octubre, se realizar\u00e1 la \u00abFeria de Primavera\u00bb en la Sala Cultural de Antel, que contar\u00e1 con presencia de artistas\u00a0de renombre como el guasquero Kandy Olivera, Ariel Rodr\u00edguez, que trabaja con plater\u00eda criolla, el artista Pl\u00e1stico Guillermo Laguna (obra Dragones de Plaza Insausti \u2013 Rivera y esculturas del Bosque de cin\u00e9tica [&hellip;]<\/p>\n","protected":false},"author":2,"featured_media":2074,"comment_status":"open","ping_status":"open","sticky":false,"template":"","format":"standard","meta":{"footnotes":""},"categories":[1],"tags":[16,142,143],"_links":{"self":[{"href":"https:\/\/www.rivera.gub.uy\/medioambiente\/wp-json\/wp\/v2\/posts\/2072"}],"collection":[{"href":"https:\/\/www.rivera.gub.uy\/medioambiente\/wp-json\/wp\/v2\/posts"}],"about":[{"href":"https:\/\/www.rivera.gub.uy\/medioambiente\/wp-json\/wp\/v2\/types\/post"}],"author":[{"embeddable":true,"href":"https:\/\/www.rivera.gub.uy\/medioambiente\/wp-json\/wp\/v2\/users\/2"}],"replies":[{"embeddable":true,"href":"https:\/\/www.rivera.gub.uy\/medioambiente\/wp-json\/wp\/v2\/comments?post=2072"}],"version-history":[{"count":4,"href":"https:\/\/www.rivera.gub.uy\/medioambiente\/wp-json\/wp\/v2\/posts\/2072\/revisions"}],"predecessor-version":[{"id":2077,"href":"https:\/\/www.rivera.gub.uy\/medioambiente\/wp-json\/wp\/v2\/posts\/2072\/revisions\/2077"}],"wp:featuredmedia":[{"embeddable":true,"href":"https:\/\/www.rivera.gub.uy\/medioambiente\/wp-json\/wp\/v2\/media\/2074"}],"wp:attachment":[{"href":"https:\/\/www.rivera.gub.uy\/medioambiente\/wp-json\/wp\/v2\/media?parent=2072"}],"wp:term":[{"taxonomy":"category","embeddable":true,"href":"https:\/\/www.rivera.gub.uy\/medioambiente\/wp-json\/wp\/v2\/categories?post=2072"},{"taxonomy":"post_tag","embeddable":true,"href":"https:\/\/www.rivera.gub.uy\/medioambiente\/wp-json\/wp\/v2\/tags?post=2072"}],"curies":[{"name":"wp","href":"https:\/\/api.w.org\/{rel}","templated":true}]}}