{"id":2083,"date":"2020-10-26T15:23:40","date_gmt":"2020-10-26T15:23:40","guid":{"rendered":"https:\/\/www.rivera.gub.uy\/medioambiente\/?p=2083"},"modified":"2020-10-26T15:23:40","modified_gmt":"2020-10-26T15:23:40","slug":"inscripciones-abiertas-al-programa-yo-estudio-y-trabajo","status":"publish","type":"post","link":"https:\/\/www.rivera.gub.uy\/medioambiente\/inscripciones-abiertas-al-programa-yo-estudio-y-trabajo\/","title":{"rendered":"Inscripciones abiertas al programa Yo Estudio y Trabajo"},"content":{"rendered":"<p>Hasta el 31 de octubre, se encuentran abiertas las <a href=\"https:\/\/inscripcion.mtss.gub.uy\/estudioWEB\/JSF\/inicioInscripcion.xhtml\" target=\"_blank\" rel=\"noopener noreferrer\">inscripciones<\/a> al programa \u00abYo Estudio y Trabajo\u00bb, que\u00a0tiene como objetivo ofrecer una primera experiencia laboral formal a j\u00f3venes estudiantes de entre 16 y 20 a\u00f1os, para desarrollar competencias transversales que les permitan desempe\u00f1arse en el mercado de trabajo, asegurando la continuidad en el estudio.<!--more--><\/p>\n<p>Yo Estudio y Trabajo posibilita el acceso de j\u00f3venes de todo el Uruguay a un trabajo digno que respete los tiempos de estudio, ofrezca herramientas efectivas para su desarrollo individual y permita compatibilizar la formaci\u00f3n educativa con el empleo. Esto contribuye a fortalecer el v\u00ednculo formaci\u00f3n-trabajo y promueve el desarrollo de competencias transversales.<\/p>\n<p><a href=\"https:\/\/www.gub.uy\/ministerio-trabajo-seguridad-social\/politicas-y-gestion\/programas\/programa-yo-estudio-trabajo\" target=\"_blank\" rel=\"noopener noreferrer\">Link a informaci\u00f3n e inscripciones<\/a><\/p>\n","protected":false},"excerpt":{"rendered":"<p>Hasta el 31 de octubre, se encuentran abiertas las inscripciones al programa \u00abYo Estudio y Trabajo\u00bb, que\u00a0tiene como objetivo ofrecer una primera experiencia laboral formal a j\u00f3venes estudiantes de entre 16 y 20 a\u00f1os, para desarrollar competencias transversales que les permitan desempe\u00f1arse en el mercado de trabajo, asegurando la continuidad en el estudio.<\/p>\n","protected":false},"author":2,"featured_media":2084,"comment_status":"open","ping_status":"open","sticky":false,"template":"","format":"standard","meta":{"footnotes":""},"categories":[1],"tags":[],"_links":{"self":[{"href":"https:\/\/www.rivera.gub.uy\/medioambiente\/wp-json\/wp\/v2\/posts\/2083"}],"collection":[{"href":"https:\/\/www.rivera.gub.uy\/medioambiente\/wp-json\/wp\/v2\/posts"}],"about":[{"href":"https:\/\/www.rivera.gub.uy\/medioambiente\/wp-json\/wp\/v2\/types\/post"}],"author":[{"embeddable":true,"href":"https:\/\/www.rivera.gub.uy\/medioambiente\/wp-json\/wp\/v2\/users\/2"}],"replies":[{"embeddable":true,"href":"https:\/\/www.rivera.gub.uy\/medioambiente\/wp-json\/wp\/v2\/comments?post=2083"}],"version-history":[{"count":1,"href":"https:\/\/www.rivera.gub.uy\/medioambiente\/wp-json\/wp\/v2\/posts\/2083\/revisions"}],"predecessor-version":[{"id":2085,"href":"https:\/\/www.rivera.gub.uy\/medioambiente\/wp-json\/wp\/v2\/posts\/2083\/revisions\/2085"}],"wp:featuredmedia":[{"embeddable":true,"href":"https:\/\/www.rivera.gub.uy\/medioambiente\/wp-json\/wp\/v2\/media\/2084"}],"wp:attachment":[{"href":"https:\/\/www.rivera.gub.uy\/medioambiente\/wp-json\/wp\/v2\/media?parent=2083"}],"wp:term":[{"taxonomy":"category","embeddable":true,"href":"https:\/\/www.rivera.gub.uy\/medioambiente\/wp-json\/wp\/v2\/categories?post=2083"},{"taxonomy":"post_tag","embeddable":true,"href":"https:\/\/www.rivera.gub.uy\/medioambiente\/wp-json\/wp\/v2\/tags?post=2083"}],"curies":[{"name":"wp","href":"https:\/\/api.w.org\/{rel}","templated":true}]}}