{"id":20853,"date":"2024-05-30T17:18:54","date_gmt":"2024-05-30T17:18:54","guid":{"rendered":"https:\/\/www.rivera.gub.uy\/medioambiente\/?p=20853"},"modified":"2024-05-30T17:19:02","modified_gmt":"2024-05-30T17:19:02","slug":"conservacion-del-campo-natural-en-la-reserva-de-biosfera-bioma-pampa-quebradas-del-norte-promoviendo-la-sostenibilidad-ambiental","status":"publish","type":"post","link":"https:\/\/www.rivera.gub.uy\/medioambiente\/conservacion-del-campo-natural-en-la-reserva-de-biosfera-bioma-pampa-quebradas-del-norte-promoviendo-la-sostenibilidad-ambiental\/","title":{"rendered":"Conservaci\u00f3n del Campo Natural en la Reserva de Biosfera Bioma Pampa Quebradas del Norte: Promoviendo la Sostenibilidad Ambiental"},"content":{"rendered":"<p>La Divisi\u00f3n de Medio Ambiente contin\u00faa su labor incansable en la conservaci\u00f3n del campo natural en el sitio UNESCO, la Reserva de Biosfera Bioma Pampa Quebradas del Norte. En una reciente jornada, se llev\u00f3 a cabo un taller de sistematizaci\u00f3n predial en el Centro de Visitantes del Valle del Lunarejo, dirigido a productores beneficiarios que reciben apoyo para la conservaci\u00f3n del campo natural.<!--more--><\/p>\n<p>El taller estuvo a cargo de expertos del Ministerio de Ambiente y del proyecto GEF 7, Maira Su\u00e1rez de Lima y Mar\u00eda Laura Garc\u00eda, quienes brindaron capacitaci\u00f3n a los productores ubicados en zonas categorizadas seg\u00fan el plan de manejo del \u00c1rea Protegida Valle del Lunarejo. Estas zonas, clasificadas como de baja producci\u00f3n de pasto, requieren de intervenciones espec\u00edficas para mejorar su sistematizaci\u00f3n predial y fomentar la conservaci\u00f3n del campo natural.<\/p>\n<p>El Director de Medio Ambiente, Fabio Oca\u00f1o, junto al Director del Paisaje Protegido Valle del Lunarejo, \u00c1lvaro Arm\u00faa y t\u00e9cnicos del Ministerio de Ambiente e Intendencia Departamental de Rivera, realizaron la entrega de materiales a los productores beneficiarios. Entre los materiales entregados se incluyeron electrificado completo panel + bater\u00eda, tres rollos de alambre de 1000 metros, 40 aisladores de arranque, 200 aisladores de l\u00ednea, 30 varillas de alma de acero, 3 varilla de cobre un carrete de almacenamiento de piola, una rollo de piola para el\u00e9ctrico de 500 metros y un medidor de corriente.<\/p>\n<p>Este proyecto tiene como objetivo principal mejorar la sistematizaci\u00f3n predial y promover la conservaci\u00f3n del campo natural, permitiendo que los peque\u00f1os productores puedan desarrollar sus actividades bajo un modelo sustentable en un sitio UNESCO. Este enfoque no solo contribuye a la protecci\u00f3n del bosque nativo, sino que tambi\u00e9n favorece la filtraci\u00f3n del agua en el suelo, un recurso h\u00eddrico crucial para el bienestar.<\/p>\n<div id='gallery-1' class='gallery galleryid-20853 gallery-columns-4 gallery-size-thumbnail'><figure class='gallery-item'>\n\t\t\t<div class='gallery-icon landscape'>\n\t\t\t\t<a href='https:\/\/www.rivera.gub.uy\/medioambiente\/wp-content\/uploads\/2024\/05\/WhatsApp-Image-2024-05-27-at-13.29.10-1.jpeg'><img loading=\"lazy\" decoding=\"async\" width=\"150\" height=\"150\" src=\"https:\/\/www.rivera.gub.uy\/medioambiente\/wp-content\/uploads\/2024\/05\/WhatsApp-Image-2024-05-27-at-13.29.10-1-150x150.jpeg\" class=\"attachment-thumbnail size-thumbnail\" alt=\"Promoviendo la Sostenibilidad Ambiental\" \/><\/a>\n\t\t\t<\/div><\/figure><figure class='gallery-item'>\n\t\t\t<div class='gallery-icon portrait'>\n\t\t\t\t<a href='https:\/\/www.rivera.gub.uy\/medioambiente\/wp-content\/uploads\/2024\/05\/WhatsApp-Image-2024-05-27-at-13.29.10-2.jpeg'><img loading=\"lazy\" decoding=\"async\" width=\"150\" height=\"150\" src=\"https:\/\/www.rivera.gub.uy\/medioambiente\/wp-content\/uploads\/2024\/05\/WhatsApp-Image-2024-05-27-at-13.29.10-2-150x150.jpeg\" class=\"attachment-thumbnail size-thumbnail\" alt=\"\" \/><\/a>\n\t\t\t<\/div><\/figure><figure class='gallery-item'>\n\t\t\t<div class='gallery-icon portrait'>\n\t\t\t\t<a href='https:\/\/www.rivera.gub.uy\/medioambiente\/wp-content\/uploads\/2024\/05\/WhatsApp-Image-2024-05-27-at-13.29.10.jpeg'><img loading=\"lazy\" decoding=\"async\" width=\"150\" height=\"150\" src=\"https:\/\/www.rivera.gub.uy\/medioambiente\/wp-content\/uploads\/2024\/05\/WhatsApp-Image-2024-05-27-at-13.29.10-150x150.jpeg\" class=\"attachment-thumbnail size-thumbnail\" alt=\"\" \/><\/a>\n\t\t\t<\/div><\/figure><figure class='gallery-item'>\n\t\t\t<div class='gallery-icon portrait'>\n\t\t\t\t<a href='https:\/\/www.rivera.gub.uy\/medioambiente\/wp-content\/uploads\/2024\/05\/WhatsApp-Image-2024-05-30-at-11.03.41.jpeg'><img loading=\"lazy\" decoding=\"async\" width=\"150\" height=\"150\" src=\"https:\/\/www.rivera.gub.uy\/medioambiente\/wp-content\/uploads\/2024\/05\/WhatsApp-Image-2024-05-30-at-11.03.41-150x150.jpeg\" class=\"attachment-thumbnail size-thumbnail\" alt=\"\" \/><\/a>\n\t\t\t<\/div><\/figure>\n\t\t<\/div>\n\n","protected":false},"excerpt":{"rendered":"<p>La Divisi\u00f3n de Medio Ambiente contin\u00faa su labor incansable en la conservaci\u00f3n del campo natural en el sitio UNESCO, la Reserva de Biosfera Bioma Pampa Quebradas del Norte. En una reciente jornada, se llev\u00f3 a cabo un taller de sistematizaci\u00f3n predial en el Centro de Visitantes del Valle del Lunarejo, dirigido a productores beneficiarios que [&hellip;]<\/p>\n","protected":false},"author":1,"featured_media":20854,"comment_status":"open","ping_status":"open","sticky":false,"template":"","format":"standard","meta":{"footnotes":""},"categories":[1],"tags":[],"_links":{"self":[{"href":"https:\/\/www.rivera.gub.uy\/medioambiente\/wp-json\/wp\/v2\/posts\/20853"}],"collection":[{"href":"https:\/\/www.rivera.gub.uy\/medioambiente\/wp-json\/wp\/v2\/posts"}],"about":[{"href":"https:\/\/www.rivera.gub.uy\/medioambiente\/wp-json\/wp\/v2\/types\/post"}],"author":[{"embeddable":true,"href":"https:\/\/www.rivera.gub.uy\/medioambiente\/wp-json\/wp\/v2\/users\/1"}],"replies":[{"embeddable":true,"href":"https:\/\/www.rivera.gub.uy\/medioambiente\/wp-json\/wp\/v2\/comments?post=20853"}],"version-history":[{"count":1,"href":"https:\/\/www.rivera.gub.uy\/medioambiente\/wp-json\/wp\/v2\/posts\/20853\/revisions"}],"predecessor-version":[{"id":20858,"href":"https:\/\/www.rivera.gub.uy\/medioambiente\/wp-json\/wp\/v2\/posts\/20853\/revisions\/20858"}],"wp:featuredmedia":[{"embeddable":true,"href":"https:\/\/www.rivera.gub.uy\/medioambiente\/wp-json\/wp\/v2\/media\/20854"}],"wp:attachment":[{"href":"https:\/\/www.rivera.gub.uy\/medioambiente\/wp-json\/wp\/v2\/media?parent=20853"}],"wp:term":[{"taxonomy":"category","embeddable":true,"href":"https:\/\/www.rivera.gub.uy\/medioambiente\/wp-json\/wp\/v2\/categories?post=20853"},{"taxonomy":"post_tag","embeddable":true,"href":"https:\/\/www.rivera.gub.uy\/medioambiente\/wp-json\/wp\/v2\/tags?post=20853"}],"curies":[{"name":"wp","href":"https:\/\/api.w.org\/{rel}","templated":true}]}}