{"id":2086,"date":"2020-11-10T11:28:27","date_gmt":"2020-11-10T11:28:27","guid":{"rendered":"https:\/\/www.rivera.gub.uy\/medioambiente\/?p=2086"},"modified":"2020-11-10T11:32:31","modified_gmt":"2020-11-10T11:32:31","slug":"3er-webinar-ecosistemas-de-innovacion-y-desarrollo-de-empresas-tecnologicas","status":"publish","type":"post","link":"https:\/\/www.rivera.gub.uy\/medioambiente\/3er-webinar-ecosistemas-de-innovacion-y-desarrollo-de-empresas-tecnologicas\/","title":{"rendered":"3er Webinar: Ecosistemas de Innovaci\u00f3n y Desarrollo de Empresas Tecnol\u00f3gicas"},"content":{"rendered":"<p>El martes 17 de noviembre, llega la 3er webinar del ciclo enmarcado en el proceso de desarrollo del ecosistema de innovaci\u00f3n de la frontera Rivera-Livramento, que viene siendo impulsado por la Universidad Tecnol\u00f3gica, la Agencia Nacional de Desarrollo, la Intendencia de Rivera, y socios privados, a trav\u00e9s del proyecto de Bienes P\u00fablicos \u00abCowork Rivera: Innovaci\u00f3n y Desarrollo\u00bb.<!--more--><\/p>\n<div id='gallery-1' class='gallery galleryid-2086 gallery-columns-4 gallery-size-thumbnail'><figure class='gallery-item'>\n\t\t\t<div class='gallery-icon landscape'>\n\t\t\t\t<a href='https:\/\/www.rivera.gub.uy\/medioambiente\/wp-content\/uploads\/2020\/11\/WhatsApp-Image-2020-11-06-at-3.01.03-PM-1.jpeg'><img loading=\"lazy\" decoding=\"async\" width=\"150\" height=\"150\" src=\"https:\/\/www.rivera.gub.uy\/medioambiente\/wp-content\/uploads\/2020\/11\/WhatsApp-Image-2020-11-06-at-3.01.03-PM-1-150x150.jpeg\" class=\"attachment-thumbnail size-thumbnail\" alt=\"\" srcset=\"https:\/\/www.rivera.gub.uy\/medioambiente\/wp-content\/uploads\/2020\/11\/WhatsApp-Image-2020-11-06-at-3.01.03-PM-1-150x150.jpeg 150w, https:\/\/www.rivera.gub.uy\/medioambiente\/wp-content\/uploads\/2020\/11\/WhatsApp-Image-2020-11-06-at-3.01.03-PM-1-300x300.jpeg 300w, https:\/\/www.rivera.gub.uy\/medioambiente\/wp-content\/uploads\/2020\/11\/WhatsApp-Image-2020-11-06-at-3.01.03-PM-1-1024x1024.jpeg 1024w, https:\/\/www.rivera.gub.uy\/medioambiente\/wp-content\/uploads\/2020\/11\/WhatsApp-Image-2020-11-06-at-3.01.03-PM-1-768x768.jpeg 768w, https:\/\/www.rivera.gub.uy\/medioambiente\/wp-content\/uploads\/2020\/11\/WhatsApp-Image-2020-11-06-at-3.01.03-PM-1-820x820.jpeg 820w, https:\/\/www.rivera.gub.uy\/medioambiente\/wp-content\/uploads\/2020\/11\/WhatsApp-Image-2020-11-06-at-3.01.03-PM-1.jpeg 1496w\" sizes=\"(max-width: 150px) 100vw, 150px\" \/><\/a>\n\t\t\t<\/div><\/figure><figure class='gallery-item'>\n\t\t\t<div class='gallery-icon landscape'>\n\t\t\t\t<a href='https:\/\/www.rivera.gub.uy\/medioambiente\/wp-content\/uploads\/2020\/11\/WhatsApp-Image-2020-11-06-at-3.01.03-PM-2.jpeg'><img loading=\"lazy\" decoding=\"async\" width=\"150\" height=\"150\" src=\"https:\/\/www.rivera.gub.uy\/medioambiente\/wp-content\/uploads\/2020\/11\/WhatsApp-Image-2020-11-06-at-3.01.03-PM-2-150x150.jpeg\" class=\"attachment-thumbnail size-thumbnail\" alt=\"\" srcset=\"https:\/\/www.rivera.gub.uy\/medioambiente\/wp-content\/uploads\/2020\/11\/WhatsApp-Image-2020-11-06-at-3.01.03-PM-2-150x150.jpeg 150w, https:\/\/www.rivera.gub.uy\/medioambiente\/wp-content\/uploads\/2020\/11\/WhatsApp-Image-2020-11-06-at-3.01.03-PM-2-300x300.jpeg 300w, https:\/\/www.rivera.gub.uy\/medioambiente\/wp-content\/uploads\/2020\/11\/WhatsApp-Image-2020-11-06-at-3.01.03-PM-2-1024x1024.jpeg 1024w, https:\/\/www.rivera.gub.uy\/medioambiente\/wp-content\/uploads\/2020\/11\/WhatsApp-Image-2020-11-06-at-3.01.03-PM-2-768x768.jpeg 768w, https:\/\/www.rivera.gub.uy\/medioambiente\/wp-content\/uploads\/2020\/11\/WhatsApp-Image-2020-11-06-at-3.01.03-PM-2-820x820.jpeg 820w, https:\/\/www.rivera.gub.uy\/medioambiente\/wp-content\/uploads\/2020\/11\/WhatsApp-Image-2020-11-06-at-3.01.03-PM-2.jpeg 1496w\" sizes=\"(max-width: 150px) 100vw, 150px\" \/><\/a>\n\t\t\t<\/div><\/figure><figure class='gallery-item'>\n\t\t\t<div class='gallery-icon landscape'>\n\t\t\t\t<a href='https:\/\/www.rivera.gub.uy\/medioambiente\/wp-content\/uploads\/2020\/11\/WhatsApp-Image-2020-11-06-at-3.01.03-PM.jpeg'><img loading=\"lazy\" decoding=\"async\" width=\"150\" height=\"150\" src=\"https:\/\/www.rivera.gub.uy\/medioambiente\/wp-content\/uploads\/2020\/11\/WhatsApp-Image-2020-11-06-at-3.01.03-PM-150x150.jpeg\" class=\"attachment-thumbnail size-thumbnail\" alt=\"\" srcset=\"https:\/\/www.rivera.gub.uy\/medioambiente\/wp-content\/uploads\/2020\/11\/WhatsApp-Image-2020-11-06-at-3.01.03-PM-150x150.jpeg 150w, https:\/\/www.rivera.gub.uy\/medioambiente\/wp-content\/uploads\/2020\/11\/WhatsApp-Image-2020-11-06-at-3.01.03-PM-300x300.jpeg 300w, https:\/\/www.rivera.gub.uy\/medioambiente\/wp-content\/uploads\/2020\/11\/WhatsApp-Image-2020-11-06-at-3.01.03-PM-1024x1024.jpeg 1024w, https:\/\/www.rivera.gub.uy\/medioambiente\/wp-content\/uploads\/2020\/11\/WhatsApp-Image-2020-11-06-at-3.01.03-PM-768x768.jpeg 768w, https:\/\/www.rivera.gub.uy\/medioambiente\/wp-content\/uploads\/2020\/11\/WhatsApp-Image-2020-11-06-at-3.01.03-PM-820x820.jpeg 820w, https:\/\/www.rivera.gub.uy\/medioambiente\/wp-content\/uploads\/2020\/11\/WhatsApp-Image-2020-11-06-at-3.01.03-PM.jpeg 1496w\" sizes=\"(max-width: 150px) 100vw, 150px\" \/><\/a>\n\t\t\t<\/div><\/figure><figure class='gallery-item'>\n\t\t\t<div class='gallery-icon landscape'>\n\t\t\t\t<a href='https:\/\/www.rivera.gub.uy\/medioambiente\/wp-content\/uploads\/2020\/11\/WhatsApp-Image-2020-11-06-at-3.01.04-PM-1.jpeg'><img loading=\"lazy\" decoding=\"async\" width=\"150\" height=\"150\" src=\"https:\/\/www.rivera.gub.uy\/medioambiente\/wp-content\/uploads\/2020\/11\/WhatsApp-Image-2020-11-06-at-3.01.04-PM-1-150x150.jpeg\" class=\"attachment-thumbnail size-thumbnail\" alt=\"\" srcset=\"https:\/\/www.rivera.gub.uy\/medioambiente\/wp-content\/uploads\/2020\/11\/WhatsApp-Image-2020-11-06-at-3.01.04-PM-1-150x150.jpeg 150w, https:\/\/www.rivera.gub.uy\/medioambiente\/wp-content\/uploads\/2020\/11\/WhatsApp-Image-2020-11-06-at-3.01.04-PM-1-300x300.jpeg 300w, https:\/\/www.rivera.gub.uy\/medioambiente\/wp-content\/uploads\/2020\/11\/WhatsApp-Image-2020-11-06-at-3.01.04-PM-1-1024x1024.jpeg 1024w, https:\/\/www.rivera.gub.uy\/medioambiente\/wp-content\/uploads\/2020\/11\/WhatsApp-Image-2020-11-06-at-3.01.04-PM-1-768x768.jpeg 768w, https:\/\/www.rivera.gub.uy\/medioambiente\/wp-content\/uploads\/2020\/11\/WhatsApp-Image-2020-11-06-at-3.01.04-PM-1-820x820.jpeg 820w, https:\/\/www.rivera.gub.uy\/medioambiente\/wp-content\/uploads\/2020\/11\/WhatsApp-Image-2020-11-06-at-3.01.04-PM-1.jpeg 1496w\" sizes=\"(max-width: 150px) 100vw, 150px\" \/><\/a>\n\t\t\t<\/div><\/figure>\n\t\t<\/div>\n\n<p>En esta oportunidad, los emprendedores Victoria Alonsoperez (Chipsafer), Amilcar Santana (ACOM) y Matias Correa &#8211; XLABS (BR) , relatar\u00e1n c\u00f3mo se apoyaron en el ecosistema para desarrollar sus emprendimientos tecnol\u00f3gicos.<\/p>\n<p>\u00bfCuando? Martes 17 de noviembre<br \/>\n\u00bfA que hora? 13:30 h<br \/>\nIncripciones: <a href=\"https:\/\/docs.google.com\/forms\/d\/11YqxMFkqXvtMlHxBgcX8ImT5eC9tsRhzp9mek93h8ss\/viewform?edit_requested=true\">http:\/\/bit.ly\/fronterainnova_UTEC<\/a><br \/>\n\u00bfD\u00f3nde? Ser\u00e1 transmitido por el canal de UTEC en <a href=\"https:\/\/www.youtube.com\/channel\/UC6p0TCY8JtOVzuH_TjSy4VQ\" target=\"_blank\" rel=\"noopener noreferrer\">YouTube<\/a><\/p>\n<p>&nbsp;<\/p>\n<p><iframe loading=\"lazy\" title=\"3er Webinar: Ecosistemas de Innovaci\u00f3n y Desarrollo de Empresas Tecnol\u00f3gicas\" width=\"1160\" height=\"653\" src=\"https:\/\/www.youtube.com\/embed\/2rA2ajUf17g?feature=oembed\" frameborder=\"0\" allow=\"accelerometer; autoplay; clipboard-write; encrypted-media; gyroscope; picture-in-picture\" allowfullscreen><\/iframe><\/p>\n<p>&nbsp;<\/p>\n<p>&nbsp;<\/p>\n","protected":false},"excerpt":{"rendered":"<p>El martes 17 de noviembre, llega la 3er webinar del ciclo enmarcado en el proceso de desarrollo del ecosistema de innovaci\u00f3n de la frontera Rivera-Livramento, que viene siendo impulsado por la Universidad Tecnol\u00f3gica, la Agencia Nacional de Desarrollo, la Intendencia de Rivera, y socios privados, a trav\u00e9s del proyecto de Bienes P\u00fablicos \u00abCowork Rivera: Innovaci\u00f3n [&hellip;]<\/p>\n","protected":false},"author":2,"featured_media":2093,"comment_status":"open","ping_status":"open","sticky":false,"template":"","format":"standard","meta":{"footnotes":""},"categories":[1],"tags":[27,16,17,145,144],"_links":{"self":[{"href":"https:\/\/www.rivera.gub.uy\/medioambiente\/wp-json\/wp\/v2\/posts\/2086"}],"collection":[{"href":"https:\/\/www.rivera.gub.uy\/medioambiente\/wp-json\/wp\/v2\/posts"}],"about":[{"href":"https:\/\/www.rivera.gub.uy\/medioambiente\/wp-json\/wp\/v2\/types\/post"}],"author":[{"embeddable":true,"href":"https:\/\/www.rivera.gub.uy\/medioambiente\/wp-json\/wp\/v2\/users\/2"}],"replies":[{"embeddable":true,"href":"https:\/\/www.rivera.gub.uy\/medioambiente\/wp-json\/wp\/v2\/comments?post=2086"}],"version-history":[{"count":1,"href":"https:\/\/www.rivera.gub.uy\/medioambiente\/wp-json\/wp\/v2\/posts\/2086\/revisions"}],"predecessor-version":[{"id":2092,"href":"https:\/\/www.rivera.gub.uy\/medioambiente\/wp-json\/wp\/v2\/posts\/2086\/revisions\/2092"}],"wp:featuredmedia":[{"embeddable":true,"href":"https:\/\/www.rivera.gub.uy\/medioambiente\/wp-json\/wp\/v2\/media\/2093"}],"wp:attachment":[{"href":"https:\/\/www.rivera.gub.uy\/medioambiente\/wp-json\/wp\/v2\/media?parent=2086"}],"wp:term":[{"taxonomy":"category","embeddable":true,"href":"https:\/\/www.rivera.gub.uy\/medioambiente\/wp-json\/wp\/v2\/categories?post=2086"},{"taxonomy":"post_tag","embeddable":true,"href":"https:\/\/www.rivera.gub.uy\/medioambiente\/wp-json\/wp\/v2\/tags?post=2086"}],"curies":[{"name":"wp","href":"https:\/\/api.w.org\/{rel}","templated":true}]}}