{"id":20997,"date":"2024-06-18T16:11:20","date_gmt":"2024-06-18T16:11:20","guid":{"rendered":"https:\/\/www.rivera.gub.uy\/medioambiente\/?p=20997"},"modified":"2024-06-18T16:11:20","modified_gmt":"2024-06-18T16:11:20","slug":"domina-el-ingles-tecnico-curso-exclusivo-para-jovenes-del-sector-ti","status":"publish","type":"post","link":"https:\/\/www.rivera.gub.uy\/medioambiente\/domina-el-ingles-tecnico-curso-exclusivo-para-jovenes-del-sector-ti\/","title":{"rendered":"Domina el Ingl\u00e9s T\u00e9cnico: Curso Exclusivo para J\u00f3venes del Sector TI"},"content":{"rendered":"<p>La IDR presenta un curso de ingl\u00e9s especializado para j\u00f3venes del sector TI. Se iniciar\u00e1 en el mes de julio; con cupos limitados y se deber\u00e1 contar con nivel intermedio de ingl\u00e9s.<!--more--><\/p>\n<p>La Intendencia Departamental de Rivera (IDR) se complace en anunciar la apertura de inscripciones para un curso especializado de ingl\u00e9s dirigido a j\u00f3venes del sector de Tecnolog\u00edas de la Informaci\u00f3n (TI). Este curso, dise\u00f1ado para mejorar las competencias ling\u00fc\u00edsticas en el contexto tecnol\u00f3gico, comenzar\u00e1 en el mes de julio.<\/p>\n<p>El curso tiene como objetivo proporcionar a los j\u00f3venes del sector TI las herramientas necesarias para desenvolverse eficazmente en un entorno laboral que brinda oportunidades a nivel internacional. Se abordar\u00e1n aspectos clave del lenguaje t\u00e9cnico y la comunicaci\u00f3n efectiva en ingl\u00e9s, adaptados a las necesidades espec\u00edficas del sector.<\/p>\n<p>Este curso representa una oportunidad \u00fanica para los j\u00f3venes del sector TI que deseen mejorar sus habilidades ling\u00fc\u00edsticas y generar oportunidades laborales en el sector. \u00a1No pierdas la oportunidad de inscribirte!<\/p>\n<p>Detalles del Curso:<br \/>\nFecha de inicio estimada Semana del 8 al 12 de julio<br \/>\nCarga horaria: 3 horas semanales, distribuidas en 2 d\u00edas<br \/>\nRequisito: Nivel de ingl\u00e9s intermedio<\/p>\n<p>Para inscribirte puedes realizarlo <a href=\"https:\/\/docs.google.com\/forms\/d\/e\/1FAIpQLSf-mEV0B_gY2nO64HvSrXDwU-6Ph02L85PlZkYXHpSqXLyQ9A\/viewform\" target=\"_blank\" rel=\"noopener\">aqu\u00ed (click aqu\u00ed)<\/a><\/p>\n<p>&nbsp;<\/p>\n<p><a href=\"https:\/\/www.rivera.gub.uy\/medioambiente\/wp-content\/uploads\/2024\/06\/WhatsApp-Image-2024-06-18-at-4.36.54-PM.jpeg\"><img loading=\"lazy\" decoding=\"async\" class=\"aligncenter size-medium wp-image-20999\" src=\"https:\/\/www.rivera.gub.uy\/medioambiente\/wp-content\/uploads\/2024\/06\/WhatsApp-Image-2024-06-18-at-4.36.54-PM-300x300.jpeg\" alt=\"curso de ingles aplicado\" width=\"300\" height=\"300\" srcset=\"https:\/\/www.rivera.gub.uy\/medioambiente\/wp-content\/uploads\/2024\/06\/WhatsApp-Image-2024-06-18-at-4.36.54-PM-300x300.jpeg 300w, https:\/\/www.rivera.gub.uy\/medioambiente\/wp-content\/uploads\/2024\/06\/WhatsApp-Image-2024-06-18-at-4.36.54-PM-1024x1024.jpeg 1024w, https:\/\/www.rivera.gub.uy\/medioambiente\/wp-content\/uploads\/2024\/06\/WhatsApp-Image-2024-06-18-at-4.36.54-PM-150x150.jpeg 150w, https:\/\/www.rivera.gub.uy\/medioambiente\/wp-content\/uploads\/2024\/06\/WhatsApp-Image-2024-06-18-at-4.36.54-PM-768x768.jpeg 768w, https:\/\/www.rivera.gub.uy\/medioambiente\/wp-content\/uploads\/2024\/06\/WhatsApp-Image-2024-06-18-at-4.36.54-PM-820x820.jpeg 820w, https:\/\/www.rivera.gub.uy\/medioambiente\/wp-content\/uploads\/2024\/06\/WhatsApp-Image-2024-06-18-at-4.36.54-PM.jpeg 1080w\" sizes=\"(max-width: 300px) 100vw, 300px\" \/><\/a><\/p>\n<p>.<br \/>\n&#8212;<br \/>\n<strong>*Nota:*<\/strong> Esta es una invitaci\u00f3n abierta, sujeta a la disponibilidad de plazas. Los interesados deben cumplir con el requisito de nivel de ingl\u00e9s intermedio para garantizar un aprovechamiento \u00f3ptimo del curso.<\/p>\n<p>&nbsp;<\/p>\n<p>&nbsp;<\/p>\n","protected":false},"excerpt":{"rendered":"<p>La IDR presenta un curso de ingl\u00e9s especializado para j\u00f3venes del sector TI. Se iniciar\u00e1 en el mes de julio; con cupos limitados y se deber\u00e1 contar con nivel intermedio de ingl\u00e9s.<\/p>\n","protected":false},"author":1,"featured_media":21000,"comment_status":"open","ping_status":"open","sticky":false,"template":"","format":"standard","meta":{"footnotes":""},"categories":[1],"tags":[],"_links":{"self":[{"href":"https:\/\/www.rivera.gub.uy\/medioambiente\/wp-json\/wp\/v2\/posts\/20997"}],"collection":[{"href":"https:\/\/www.rivera.gub.uy\/medioambiente\/wp-json\/wp\/v2\/posts"}],"about":[{"href":"https:\/\/www.rivera.gub.uy\/medioambiente\/wp-json\/wp\/v2\/types\/post"}],"author":[{"embeddable":true,"href":"https:\/\/www.rivera.gub.uy\/medioambiente\/wp-json\/wp\/v2\/users\/1"}],"replies":[{"embeddable":true,"href":"https:\/\/www.rivera.gub.uy\/medioambiente\/wp-json\/wp\/v2\/comments?post=20997"}],"version-history":[{"count":3,"href":"https:\/\/www.rivera.gub.uy\/medioambiente\/wp-json\/wp\/v2\/posts\/20997\/revisions"}],"predecessor-version":[{"id":21002,"href":"https:\/\/www.rivera.gub.uy\/medioambiente\/wp-json\/wp\/v2\/posts\/20997\/revisions\/21002"}],"wp:featuredmedia":[{"embeddable":true,"href":"https:\/\/www.rivera.gub.uy\/medioambiente\/wp-json\/wp\/v2\/media\/21000"}],"wp:attachment":[{"href":"https:\/\/www.rivera.gub.uy\/medioambiente\/wp-json\/wp\/v2\/media?parent=20997"}],"wp:term":[{"taxonomy":"category","embeddable":true,"href":"https:\/\/www.rivera.gub.uy\/medioambiente\/wp-json\/wp\/v2\/categories?post=20997"},{"taxonomy":"post_tag","embeddable":true,"href":"https:\/\/www.rivera.gub.uy\/medioambiente\/wp-json\/wp\/v2\/tags?post=20997"}],"curies":[{"name":"wp","href":"https:\/\/api.w.org\/{rel}","templated":true}]}}