{"id":21141,"date":"2024-07-10T16:05:27","date_gmt":"2024-07-10T16:05:27","guid":{"rendered":"https:\/\/www.rivera.gub.uy\/medioambiente\/?p=21141"},"modified":"2024-07-10T16:05:27","modified_gmt":"2024-07-10T16:05:27","slug":"proyecto-microcentro-mas-circular-transformando-los-residuos-en-valor","status":"publish","type":"post","link":"https:\/\/www.rivera.gub.uy\/medioambiente\/proyecto-microcentro-mas-circular-transformando-los-residuos-en-valor\/","title":{"rendered":"Proyecto Microcentro M\u00e1s Circular: \u00abTransformando los residuos en valor\u00bb"},"content":{"rendered":"<p>El Proyecto Microcentro M\u00e1s Circular \u00abTransformando los residuos en valor\u00bb, tiene el prop\u00f3sito de mejorar la gesti\u00f3n de los residuos comerciales en el microcentro de la ciudad de Rivera, a trav\u00e9s de la implementaci\u00f3n de un nuevo sistema de recolecci\u00f3n que involucra a empresas, instituciones y colectivos de clasificadores.<!--more--><\/p>\n<p>La gesti\u00f3n de los residuos generados por las actividades comerciales es responsabilidad de los generadores. Sin embargo, con el objetivo de avanzar en la regularizaci\u00f3n y el ordenamiento de los residuos de este sector, as\u00ed como en la captaci\u00f3n de materiales reciclables, la Intendencia ha desarrollado una estrategia que incluye un servicio especial de recolecci\u00f3n de estos residuos, con el fin de fortalecer a los grupos formalizados de clasificadores.<\/p>\n<p>Este programa se complementa con incentivos como el Sello Verde Rivera, que reconoce a las empresas que llevan a cabo una gesti\u00f3n eficiente y responsable de sus residuos.<\/p>\n<p>Dada la importancia del sector comercial e industrial en el Departamento, existe una s\u00f3lida oportunidad para continuar consolidando programas de este tipo, aumentando la recuperaci\u00f3n de estos residuos y ofreciendo oportunidades de empleo verde e inclusi\u00f3n social para los clasificadores.<\/p>\n<p>&nbsp;<\/p>\n<p><iframe loading=\"lazy\" title=\"Proyecto Microcentro M\u00e1s Circular: &quot;Transformando los residuos en valor&quot;\" width=\"1160\" height=\"653\" src=\"https:\/\/www.youtube.com\/embed\/VyzzZxWgoWE?feature=oembed\" frameborder=\"0\" allow=\"accelerometer; autoplay; clipboard-write; encrypted-media; gyroscope; picture-in-picture; web-share\" referrerpolicy=\"strict-origin-when-cross-origin\" allowfullscreen><\/iframe><\/p>\n","protected":false},"excerpt":{"rendered":"<p>El Proyecto Microcentro M\u00e1s Circular \u00abTransformando los residuos en valor\u00bb, tiene el prop\u00f3sito de mejorar la gesti\u00f3n de los residuos comerciales en el microcentro de la ciudad de Rivera, a trav\u00e9s de la implementaci\u00f3n de un nuevo sistema de recolecci\u00f3n que involucra a empresas, instituciones y colectivos de clasificadores.<\/p>\n","protected":false},"author":1,"featured_media":21142,"comment_status":"open","ping_status":"open","sticky":false,"template":"","format":"standard","meta":{"footnotes":""},"categories":[1],"tags":[],"_links":{"self":[{"href":"https:\/\/www.rivera.gub.uy\/medioambiente\/wp-json\/wp\/v2\/posts\/21141"}],"collection":[{"href":"https:\/\/www.rivera.gub.uy\/medioambiente\/wp-json\/wp\/v2\/posts"}],"about":[{"href":"https:\/\/www.rivera.gub.uy\/medioambiente\/wp-json\/wp\/v2\/types\/post"}],"author":[{"embeddable":true,"href":"https:\/\/www.rivera.gub.uy\/medioambiente\/wp-json\/wp\/v2\/users\/1"}],"replies":[{"embeddable":true,"href":"https:\/\/www.rivera.gub.uy\/medioambiente\/wp-json\/wp\/v2\/comments?post=21141"}],"version-history":[{"count":1,"href":"https:\/\/www.rivera.gub.uy\/medioambiente\/wp-json\/wp\/v2\/posts\/21141\/revisions"}],"predecessor-version":[{"id":21143,"href":"https:\/\/www.rivera.gub.uy\/medioambiente\/wp-json\/wp\/v2\/posts\/21141\/revisions\/21143"}],"wp:featuredmedia":[{"embeddable":true,"href":"https:\/\/www.rivera.gub.uy\/medioambiente\/wp-json\/wp\/v2\/media\/21142"}],"wp:attachment":[{"href":"https:\/\/www.rivera.gub.uy\/medioambiente\/wp-json\/wp\/v2\/media?parent=21141"}],"wp:term":[{"taxonomy":"category","embeddable":true,"href":"https:\/\/www.rivera.gub.uy\/medioambiente\/wp-json\/wp\/v2\/categories?post=21141"},{"taxonomy":"post_tag","embeddable":true,"href":"https:\/\/www.rivera.gub.uy\/medioambiente\/wp-json\/wp\/v2\/tags?post=21141"}],"curies":[{"name":"wp","href":"https:\/\/api.w.org\/{rel}","templated":true}]}}