{"id":21144,"date":"2024-07-10T16:09:49","date_gmt":"2024-07-10T16:09:49","guid":{"rendered":"https:\/\/www.rivera.gub.uy\/medioambiente\/?p=21144"},"modified":"2024-07-10T16:09:57","modified_gmt":"2024-07-10T16:09:57","slug":"lanzamiento-del-programa-de-inversion-productiva-2024","status":"publish","type":"post","link":"https:\/\/www.rivera.gub.uy\/medioambiente\/lanzamiento-del-programa-de-inversion-productiva-2024\/","title":{"rendered":"Lanzamiento del Programa de Inversi\u00f3n Productiva 2024"},"content":{"rendered":"<p>Desde la oficina del Centro P\u00fablico de Empleo tenemos el placer de informar que se inicia una nueva etapa de postulaciones al PIP (Programa de Inversi\u00f3n Productiva) en su escisi\u00f3n 2024. gestionado por la Intendencia de Rivera y el Ministerio de Trabajo anuncian el lanzamiento de m\u00e1s una edici\u00f3n del Programa de Inversi\u00f3n Productiva (PIP).<\/p>\n<p>Este programa es una iniciativa conjunta entre Intendencia de Rivera y Ministerio de Trabajo destinada a fortalecer y apoyar a emprendedores del departamento.<!--more--><\/p>\n<p>El mismo tiene por objetivo fomentar el crecimiento y desarrollo sostenible de los emprendimientos locales, facilitando recursos financieros espec\u00edficamente para adquisiciones de herramientas y\/o maquinarias.<\/p>\n<p>El PIP es una acci\u00f3n directa a la necesidad de impulsar la econom\u00eda local y promover la generaci\u00f3n de empleo mediante el apoyo a peque\u00f1os emprendedores que buscan consolidarse en el mercado. A trav\u00e9s de este programa, los emprendedores seleccionados recibir\u00e1n asistencia financiera que les permitir\u00e1 realizar inversiones clave en sus negocios, con el objetivo de lograr una mejora en los procesos productivos y un crecimiento de su emprendimiento.<\/p>\n<p><strong>El periodo de inscripci\u00f3n es del 2 de julio al 31 de julio.<\/strong><\/p>\n<p>Por m\u00e1s informaci\u00f3n pueden dirigirse a la oficina CePE en el piso 1 de la Intendencia Departamental de Rivera o telef\u00f3nicamente al <a href=\"tel:+59846231900\">46231900<\/a> int 173.<\/p>\n<p>&nbsp;<\/p>\n<p><a href=\"https:\/\/www.rivera.gub.uy\/medioambiente\/wp-content\/uploads\/2024\/07\/WhatsApp-Image-2024-07-09-at-2.45.35-PM.jpeg\"><img loading=\"lazy\" decoding=\"async\" class=\"aligncenter wp-image-21147 size-medium\" src=\"https:\/\/www.rivera.gub.uy\/medioambiente\/wp-content\/uploads\/2024\/07\/WhatsApp-Image-2024-07-09-at-2.45.35-PM-212x300.jpeg\" alt=\"Inversi\u00f3n Productiva 2024\" width=\"212\" height=\"300\" srcset=\"https:\/\/www.rivera.gub.uy\/medioambiente\/wp-content\/uploads\/2024\/07\/WhatsApp-Image-2024-07-09-at-2.45.35-PM-212x300.jpeg 212w, https:\/\/www.rivera.gub.uy\/medioambiente\/wp-content\/uploads\/2024\/07\/WhatsApp-Image-2024-07-09-at-2.45.35-PM-724x1024.jpeg 724w, https:\/\/www.rivera.gub.uy\/medioambiente\/wp-content\/uploads\/2024\/07\/WhatsApp-Image-2024-07-09-at-2.45.35-PM-768x1086.jpeg 768w, https:\/\/www.rivera.gub.uy\/medioambiente\/wp-content\/uploads\/2024\/07\/WhatsApp-Image-2024-07-09-at-2.45.35-PM-1086x1536.jpeg 1086w, https:\/\/www.rivera.gub.uy\/medioambiente\/wp-content\/uploads\/2024\/07\/WhatsApp-Image-2024-07-09-at-2.45.35-PM-820x1160.jpeg 820w, https:\/\/www.rivera.gub.uy\/medioambiente\/wp-content\/uploads\/2024\/07\/WhatsApp-Image-2024-07-09-at-2.45.35-PM.jpeg 1131w\" sizes=\"(max-width: 212px) 100vw, 212px\" \/><\/a><\/p>\n","protected":false},"excerpt":{"rendered":"<p>Desde la oficina del Centro P\u00fablico de Empleo tenemos el placer de informar que se inicia una nueva etapa de postulaciones al PIP (Programa de Inversi\u00f3n Productiva) en su escisi\u00f3n 2024. gestionado por la Intendencia de Rivera y el Ministerio de Trabajo anuncian el lanzamiento de m\u00e1s una edici\u00f3n del Programa de Inversi\u00f3n Productiva (PIP). [&hellip;]<\/p>\n","protected":false},"author":1,"featured_media":21148,"comment_status":"open","ping_status":"open","sticky":false,"template":"","format":"standard","meta":{"footnotes":""},"categories":[1],"tags":[],"_links":{"self":[{"href":"https:\/\/www.rivera.gub.uy\/medioambiente\/wp-json\/wp\/v2\/posts\/21144"}],"collection":[{"href":"https:\/\/www.rivera.gub.uy\/medioambiente\/wp-json\/wp\/v2\/posts"}],"about":[{"href":"https:\/\/www.rivera.gub.uy\/medioambiente\/wp-json\/wp\/v2\/types\/post"}],"author":[{"embeddable":true,"href":"https:\/\/www.rivera.gub.uy\/medioambiente\/wp-json\/wp\/v2\/users\/1"}],"replies":[{"embeddable":true,"href":"https:\/\/www.rivera.gub.uy\/medioambiente\/wp-json\/wp\/v2\/comments?post=21144"}],"version-history":[{"count":2,"href":"https:\/\/www.rivera.gub.uy\/medioambiente\/wp-json\/wp\/v2\/posts\/21144\/revisions"}],"predecessor-version":[{"id":21149,"href":"https:\/\/www.rivera.gub.uy\/medioambiente\/wp-json\/wp\/v2\/posts\/21144\/revisions\/21149"}],"wp:featuredmedia":[{"embeddable":true,"href":"https:\/\/www.rivera.gub.uy\/medioambiente\/wp-json\/wp\/v2\/media\/21148"}],"wp:attachment":[{"href":"https:\/\/www.rivera.gub.uy\/medioambiente\/wp-json\/wp\/v2\/media?parent=21144"}],"wp:term":[{"taxonomy":"category","embeddable":true,"href":"https:\/\/www.rivera.gub.uy\/medioambiente\/wp-json\/wp\/v2\/categories?post=21144"},{"taxonomy":"post_tag","embeddable":true,"href":"https:\/\/www.rivera.gub.uy\/medioambiente\/wp-json\/wp\/v2\/tags?post=21144"}],"curies":[{"name":"wp","href":"https:\/\/api.w.org\/{rel}","templated":true}]}}