{"id":2120,"date":"2021-01-13T17:14:22","date_gmt":"2021-01-13T17:14:22","guid":{"rendered":"https:\/\/www.rivera.gub.uy\/medioambiente\/?p=2120"},"modified":"2021-01-13T17:14:28","modified_gmt":"2021-01-13T17:14:28","slug":"division-medio-ambiente-se-reunio-con-el-alcalde-de-tranqueras","status":"publish","type":"post","link":"https:\/\/www.rivera.gub.uy\/medioambiente\/division-medio-ambiente-se-reunio-con-el-alcalde-de-tranqueras\/","title":{"rendered":"Divisi\u00f3n Medio Ambiente se reuni\u00f3 con el Alcalde de Tranqueras"},"content":{"rendered":"<p>En la fecha, mi\u00e9rcoles 13, funcionarios de divisi\u00f3n Medio Ambiente concurrieron a la ciudad de Tranqueras para participar de una reuni\u00f3n de\u00a0\u00a0trabajo con el Alcalde, Sr. Luciano Viera.<!--more--><\/p>\n<p>Tambi\u00e9n\u00a0\u00a0acompa\u00f1aron\u00a0\u00a0el trabajo del equipo de Higiene Ambiental en conexiones intradomiciliarias y recorrieron\u00a0\u00a0el centro de visitantes en el \u00c1rea Protegida Valle del Lunajero.<\/p>\n<div id='gallery-1' class='gallery galleryid-2120 gallery-columns-3 gallery-size-thumbnail'><figure class='gallery-item'>\n\t\t\t<div class='gallery-icon landscape'>\n\t\t\t\t<a href='https:\/\/www.rivera.gub.uy\/medioambiente\/wp-content\/uploads\/2021\/01\/WhatsApp-Image-2021-01-13-at-2.07.49-PM-1.jpeg'><img loading=\"lazy\" decoding=\"async\" width=\"150\" height=\"150\" src=\"https:\/\/www.rivera.gub.uy\/medioambiente\/wp-content\/uploads\/2021\/01\/WhatsApp-Image-2021-01-13-at-2.07.49-PM-1-150x150.jpeg\" class=\"attachment-thumbnail size-thumbnail\" alt=\"\" \/><\/a>\n\t\t\t<\/div><\/figure><figure class='gallery-item'>\n\t\t\t<div class='gallery-icon portrait'>\n\t\t\t\t<a href='https:\/\/www.rivera.gub.uy\/medioambiente\/wp-content\/uploads\/2021\/01\/WhatsApp-Image-2021-01-13-at-2.07.49-PM.jpeg'><img loading=\"lazy\" decoding=\"async\" width=\"150\" height=\"150\" src=\"https:\/\/www.rivera.gub.uy\/medioambiente\/wp-content\/uploads\/2021\/01\/WhatsApp-Image-2021-01-13-at-2.07.49-PM-150x150.jpeg\" class=\"attachment-thumbnail size-thumbnail\" alt=\"\" \/><\/a>\n\t\t\t<\/div><\/figure><figure class='gallery-item'>\n\t\t\t<div class='gallery-icon portrait'>\n\t\t\t\t<a href='https:\/\/www.rivera.gub.uy\/medioambiente\/wp-content\/uploads\/2021\/01\/WhatsApp-Image-2021-01-13-at-2.07.50-PM-1.jpeg'><img loading=\"lazy\" decoding=\"async\" width=\"150\" height=\"150\" src=\"https:\/\/www.rivera.gub.uy\/medioambiente\/wp-content\/uploads\/2021\/01\/WhatsApp-Image-2021-01-13-at-2.07.50-PM-1-150x150.jpeg\" class=\"attachment-thumbnail size-thumbnail\" alt=\"\" \/><\/a>\n\t\t\t<\/div><\/figure><figure class='gallery-item'>\n\t\t\t<div class='gallery-icon portrait'>\n\t\t\t\t<a href='https:\/\/www.rivera.gub.uy\/medioambiente\/wp-content\/uploads\/2021\/01\/WhatsApp-Image-2021-01-13-at-2.07.50-PM-2.jpeg'><img loading=\"lazy\" decoding=\"async\" width=\"150\" height=\"150\" src=\"https:\/\/www.rivera.gub.uy\/medioambiente\/wp-content\/uploads\/2021\/01\/WhatsApp-Image-2021-01-13-at-2.07.50-PM-2-150x150.jpeg\" class=\"attachment-thumbnail size-thumbnail\" alt=\"\" \/><\/a>\n\t\t\t<\/div><\/figure><figure class='gallery-item'>\n\t\t\t<div class='gallery-icon landscape'>\n\t\t\t\t<a href='https:\/\/www.rivera.gub.uy\/medioambiente\/wp-content\/uploads\/2021\/01\/WhatsApp-Image-2021-01-13-at-2.07.50-PM.jpeg'><img loading=\"lazy\" decoding=\"async\" width=\"150\" height=\"150\" src=\"https:\/\/www.rivera.gub.uy\/medioambiente\/wp-content\/uploads\/2021\/01\/WhatsApp-Image-2021-01-13-at-2.07.50-PM-150x150.jpeg\" class=\"attachment-thumbnail size-thumbnail\" alt=\"\" \/><\/a>\n\t\t\t<\/div><\/figure><figure class='gallery-item'>\n\t\t\t<div class='gallery-icon landscape'>\n\t\t\t\t<a href='https:\/\/www.rivera.gub.uy\/medioambiente\/wp-content\/uploads\/2021\/01\/WhatsApp-Image-2021-01-13-at-2.07.51-PM.jpeg'><img loading=\"lazy\" decoding=\"async\" width=\"150\" height=\"150\" src=\"https:\/\/www.rivera.gub.uy\/medioambiente\/wp-content\/uploads\/2021\/01\/WhatsApp-Image-2021-01-13-at-2.07.51-PM-150x150.jpeg\" class=\"attachment-thumbnail size-thumbnail\" alt=\"\" \/><\/a>\n\t\t\t<\/div><\/figure>\n\t\t<\/div>\n\n","protected":false},"excerpt":{"rendered":"<p>En la fecha, mi\u00e9rcoles 13, funcionarios de divisi\u00f3n Medio Ambiente concurrieron a la ciudad de Tranqueras para participar de una reuni\u00f3n de\u00a0\u00a0trabajo con el Alcalde, Sr. Luciano Viera.<\/p>\n","protected":false},"author":2,"featured_media":2121,"comment_status":"open","ping_status":"open","sticky":false,"template":"","format":"standard","meta":{"footnotes":""},"categories":[1],"tags":[16,21,17,146,147],"_links":{"self":[{"href":"https:\/\/www.rivera.gub.uy\/medioambiente\/wp-json\/wp\/v2\/posts\/2120"}],"collection":[{"href":"https:\/\/www.rivera.gub.uy\/medioambiente\/wp-json\/wp\/v2\/posts"}],"about":[{"href":"https:\/\/www.rivera.gub.uy\/medioambiente\/wp-json\/wp\/v2\/types\/post"}],"author":[{"embeddable":true,"href":"https:\/\/www.rivera.gub.uy\/medioambiente\/wp-json\/wp\/v2\/users\/2"}],"replies":[{"embeddable":true,"href":"https:\/\/www.rivera.gub.uy\/medioambiente\/wp-json\/wp\/v2\/comments?post=2120"}],"version-history":[{"count":1,"href":"https:\/\/www.rivera.gub.uy\/medioambiente\/wp-json\/wp\/v2\/posts\/2120\/revisions"}],"predecessor-version":[{"id":2127,"href":"https:\/\/www.rivera.gub.uy\/medioambiente\/wp-json\/wp\/v2\/posts\/2120\/revisions\/2127"}],"wp:featuredmedia":[{"embeddable":true,"href":"https:\/\/www.rivera.gub.uy\/medioambiente\/wp-json\/wp\/v2\/media\/2121"}],"wp:attachment":[{"href":"https:\/\/www.rivera.gub.uy\/medioambiente\/wp-json\/wp\/v2\/media?parent=2120"}],"wp:term":[{"taxonomy":"category","embeddable":true,"href":"https:\/\/www.rivera.gub.uy\/medioambiente\/wp-json\/wp\/v2\/categories?post=2120"},{"taxonomy":"post_tag","embeddable":true,"href":"https:\/\/www.rivera.gub.uy\/medioambiente\/wp-json\/wp\/v2\/tags?post=2120"}],"curies":[{"name":"wp","href":"https:\/\/api.w.org\/{rel}","templated":true}]}}